{"id":13812,"date":"2021-07-17T21:40:32","date_gmt":"2021-07-18T00:40:32","guid":{"rendered":"https:\/\/mulhervitrola.com.br\/?p=13812"},"modified":"2021-07-17T21:40:32","modified_gmt":"2021-07-18T00:40:32","slug":"a-feira-e-a-capsula-do-tempo","status":"publish","type":"post","link":"https:\/\/mulhervitrola.com.br\/blog\/a-feira-e-a-capsula-do-tempo\/","title":{"rendered":"A feira e a c\u00e1psula do tempo"},"content":{"rendered":"\n<p class=\"has-text-align-justify\">Eu n\u00e3o teria como come\u00e7ar este post de uma forma organizada. Voltar a escrever no blog me faz ter at\u00e9 uns &#8220;tremeliques&#8221; nas m\u00e3os. Parece at\u00e9 que t\u00f4 escrevendo num blog pela primeira vez. E lembro muito bem quando fiz meu primeiro blog, lembro da sensa\u00e7\u00e3o e lembro de sentir que estava realizando um<strong> SONHO<\/strong> de muitos anos. <\/p>\n\n\n\n<p class=\"has-text-align-justify\">E falando em sensa\u00e7\u00f5es e lembran\u00e7as, outro dia estava na feira local e me deparei com uma garrafinha de conte\u00fado duvidoso (por\u00e9m, aparentemente l\u00edcito) dentro, mas que eu j\u00e1 conhecia de outros carnavais: era a famosa<strong> LARANJINHA<\/strong>. A nomea\u00e7\u00e3o da especiaria nem entra em discuss\u00f5es da categoria &#8220;bolacha ou biscoito&#8221;, pois aqui \u00e9 laranjinha e SEQUER quero pensar que existe outra possibilidade de nome. Na sua cidade pode se chamar FERNANDO, pois aqui permanecer\u00e1 no seu batismo que acredito ter sido realizado j\u00e1 prevendo o patrim\u00f4nio cultural. <\/p>\n\n\n\n<figure class=\"wp-block-image size-large\"><img data-recalc-dims=\"1\" fetchpriority=\"high\" decoding=\"async\" width=\"620\" height=\"729\" src=\"https:\/\/i0.wp.com\/mulhervitrola.com.br\/wp-content\/uploads\/2021\/07\/E5iKen8WEAEnOTf-620x729.jpg?resize=620%2C729&#038;ssl=1\" alt=\"\" class=\"wp-image-13819\" srcset=\"https:\/\/i0.wp.com\/mulhervitrola.com.br\/blog\/wp-content\/uploads\/2021\/07\/E5iKen8WEAEnOTf.jpg?resize=620%2C729&amp;ssl=1 620w, https:\/\/i0.wp.com\/mulhervitrola.com.br\/blog\/wp-content\/uploads\/2021\/07\/E5iKen8WEAEnOTf.jpg?resize=255%2C300&amp;ssl=1 255w, https:\/\/i0.wp.com\/mulhervitrola.com.br\/blog\/wp-content\/uploads\/2021\/07\/E5iKen8WEAEnOTf.jpg?resize=768%2C903&amp;ssl=1 768w, https:\/\/i0.wp.com\/mulhervitrola.com.br\/blog\/wp-content\/uploads\/2021\/07\/E5iKen8WEAEnOTf.jpg?resize=1307%2C1536&amp;ssl=1 1307w, https:\/\/i0.wp.com\/mulhervitrola.com.br\/blog\/wp-content\/uploads\/2021\/07\/E5iKen8WEAEnOTf.jpg?w=1742&amp;ssl=1 1742w\" sizes=\"(max-width: 620px) 100vw, 620px\" \/><figcaption>N\u00e3o ache que a tesoura est\u00e1 ali por acaso: \u00e9 pra fazer o pique no topo da garrafinha para os menos ousados. A quest\u00e3o sanit\u00e1ria s\u00e3o outros 500. A op\u00e7\u00e3o nost\u00e1lgica \u00e9  mordiscar o fundo da garrafinha fazendo uma sa\u00edda alternativa.<\/figcaption><\/figure>\n\n\n\n<p class=\"has-text-align-justify\"><\/p>\n\n\n\n<p class=\"has-text-align-justify\">E era na entrada da FEUDUC, onde estudei minha inf\u00e2ncia, que todos os dias da semana eu encontrava as famosas garrafinhas. Era o coqueluche acess\u00edvel numa vers\u00e3o demonizada a apenas alguns passos do port\u00e3o principal da escola. As m\u00e3es odiavam e criavam suas pr\u00f3prias <em>fake news<\/em> da laranjinha, amplamente difundida entre as professoras, que complementavam o terror. Enquanto isso, a crian\u00e7ada saboreava fervorosamente nas t\u00edpicas e intensas tardes de ver\u00e3o de Duque de Caxias, sem nenhuma miseric\u00f3rdia aos temores dos adultos. Ainda na fase da energia a todo vapor, o que s\u00f3 se via eram bochechinhas coradas e testas suadas de tanto correr pelo p\u00e1tio, segurando a unhas e dentes (este segundo, literalmente) a famosa laranjinha, j\u00e1 esbranqui\u00e7ada e com o conte\u00fado j\u00e1 s\u00f3 num gelo sambante. Acredito que todas sobreviveram. As pessoas, j\u00e1 n\u00e3o sei.<\/p>\n\n\n\n<p class=\"has-text-align-justify\">Sobre a composi\u00e7\u00e3o, era uma mistura com poucas varia\u00e7\u00f5es de sabor, mas obviamente n\u00e3o se tratava de suco de fruta nenhum. Era apenas suco em p\u00f3 e MUITO a\u00e7\u00facar e hoje em dia, acredito que tinham todos os mesmo sabor. Era o marketing da teoria da cor orientando nossas escolhas a t\u00e3o cedo. Dava pra entender o motivo de ser t\u00e3o demonizada, e certamente \u00e9 algo que hoje em dia eu n\u00e3o ouso me aproximar nem pra sentir o cheiro: corro o risco de uma azia duradoura por no m\u00ednimo 7 dias, o que deve ser uma esp\u00e9cie de praga com efeito retardo enviada pelos adultos daquela \u00e9poca, suspeito. <\/p>\n\n\n\n<p class=\"has-text-align-justify\">Depois desse reencontro inesperado e de uns segundos olhando aquele isopor na feira com as laranjinhas enfileiradas, voltei a mim. N\u00e3o sinto mais as dores de nostalgia pois hoje em dia j\u00e1 estou possu\u00edda pelas dores do presente, mas aprendi a apreciar esses momentos de doces lembran\u00e7as. Nem todas elas tem um nome, n\u00e9?<\/p>\n\n\n\n<hr class=\"wp-block-separator\"\/>\n\n\n\n<p>Este post faz parte da <strong><a href=\"https:\/\/mulhervitrola.com.br\/blogagem-coletiva\/\">Blogagem Coletiva<\/a><\/strong>, e  se voc\u00ea ainda n\u00e3o participou, d\u00e1 tempo!<br>Saiba como participar clicando <a href=\"https:\/\/mulhervitrola.com.br\/blogagem-coletiva-eu-fui-eu-tava\/\"><strong>AQUI<\/strong><\/a>!<\/p>\n\n\n\n<div class=\"wp-block-image\"><figure class=\"aligncenter size-large is-resized\"><img data-recalc-dims=\"1\" decoding=\"async\" src=\"https:\/\/i0.wp.com\/mulhervitrola.com.br\/wp-content\/uploads\/2021\/07\/BC-MulherVitrola-2021_1-620x620.png?resize=415%2C415&#038;ssl=1\" alt=\"\" class=\"wp-image-13795\" width=\"415\" height=\"415\" srcset=\"https:\/\/i0.wp.com\/mulhervitrola.com.br\/blog\/wp-content\/uploads\/2021\/07\/BC-MulherVitrola-2021_1.png?resize=620%2C620&amp;ssl=1 620w, https:\/\/i0.wp.com\/mulhervitrola.com.br\/blog\/wp-content\/uploads\/2021\/07\/BC-MulherVitrola-2021_1.png?resize=300%2C300&amp;ssl=1 300w, https:\/\/i0.wp.com\/mulhervitrola.com.br\/blog\/wp-content\/uploads\/2021\/07\/BC-MulherVitrola-2021_1.png?resize=149%2C149&amp;ssl=1 149w, https:\/\/i0.wp.com\/mulhervitrola.com.br\/blog\/wp-content\/uploads\/2021\/07\/BC-MulherVitrola-2021_1.png?resize=768%2C768&amp;ssl=1 768w, https:\/\/i0.wp.com\/mulhervitrola.com.br\/blog\/wp-content\/uploads\/2021\/07\/BC-MulherVitrola-2021_1.png?w=900&amp;ssl=1 900w\" sizes=\"(max-width: 415px) 100vw, 415px\" \/><\/figure><\/div>\n\n\n\n<p><\/p>\n","protected":false},"excerpt":{"rendered":"<p>Voc\u00ea sabe o que \u00e9 LARANJINHA? <\/p>\n","protected":false},"author":1,"featured_media":13819,"comment_status":"open","ping_status":"open","sticky":false,"template":"","format":"standard","meta":{"_uf_show_specific_survey":0,"_uf_disable_surveys":false,"jetpack_post_was_ever_published":false,"_jetpack_newsletter_access":"","_jetpack_dont_email_post_to_subs":false,"_jetpack_newsletter_tier_id":0,"_jetpack_memberships_contains_paywalled_content":false,"_jetpack_memberships_contains_paid_content":false,"footnotes":"","jetpack_publicize_message":"","jetpack_publicize_feature_enabled":true,"jetpack_social_post_already_shared":true,"jetpack_social_options":{"image_generator_settings":{"template":"highway","default_image_id":0,"font":"","enabled":false},"version":2}},"categories":[122],"tags":[],"class_list":["post-13812","post","type-post","status-publish","format-standard","has-post-thumbnail","hentry","category-papo-de-vitrola"],"yoast_head":"<!-- This site is optimized with the Yoast SEO plugin v26.7 - https:\/\/yoast.com\/wordpress\/plugins\/seo\/ -->\n<title>A feira e a c\u00e1psula do tempo | Blog da Mulher Vitrola<\/title>\n<meta name=\"description\" content=\"Blog da ilustradora e gateira Re Vitrola. Veganismo, gatos e muita arte!\" \/>\n<meta name=\"robots\" content=\"index, follow, max-snippet:-1, max-image-preview:large, max-video-preview:-1\" \/>\n<link rel=\"canonical\" href=\"https:\/\/mulhervitrola.com.br\/blog\/a-feira-e-a-capsula-do-tempo\/\" \/>\n<meta property=\"og:locale\" content=\"pt_BR\" \/>\n<meta property=\"og:type\" content=\"article\" \/>\n<meta property=\"og:title\" content=\"A feira e a c\u00e1psula do tempo | Blog da Mulher Vitrola\" \/>\n<meta property=\"og:description\" content=\"Blog da ilustradora e gateira Re Vitrola. Veganismo, gatos e muita arte!\" \/>\n<meta property=\"og:url\" content=\"https:\/\/mulhervitrola.com.br\/blog\/a-feira-e-a-capsula-do-tempo\/\" \/>\n<meta property=\"og:site_name\" content=\"Blog da Mulher Vitrola\" \/>\n<meta property=\"article:published_time\" content=\"2021-07-18T00:40:32+00:00\" \/>\n<meta property=\"og:image\" content=\"https:\/\/i0.wp.com\/mulhervitrola.com.br\/blog\/wp-content\/uploads\/2021\/07\/E5iKen8WEAEnOTf.jpg?fit=1742%2C2048&ssl=1\" \/>\n\t<meta property=\"og:image:width\" content=\"1742\" \/>\n\t<meta property=\"og:image:height\" content=\"2048\" \/>\n\t<meta property=\"og:image:type\" content=\"image\/jpeg\" \/>\n<meta name=\"author\" content=\"mulhervitrola\" \/>\n<meta name=\"twitter:card\" content=\"summary_large_image\" \/>\n<meta name=\"twitter:creator\" content=\"@mulhervitrola\" \/>\n<meta name=\"twitter:site\" content=\"@mulhervitrola\" \/>\n<meta name=\"twitter:label1\" content=\"Escrito por\" \/>\n\t<meta name=\"twitter:data1\" content=\"mulhervitrola\" \/>\n\t<meta name=\"twitter:label2\" content=\"Est. tempo de leitura\" \/>\n\t<meta name=\"twitter:data2\" content=\"3 minutos\" \/>\n<script type=\"application\/ld+json\" class=\"yoast-schema-graph\">{\"@context\":\"https:\/\/schema.org\",\"@graph\":[{\"@type\":\"Article\",\"@id\":\"https:\/\/mulhervitrola.com.br\/blog\/a-feira-e-a-capsula-do-tempo\/#article\",\"isPartOf\":{\"@id\":\"https:\/\/mulhervitrola.com.br\/blog\/a-feira-e-a-capsula-do-tempo\/\"},\"author\":{\"name\":\"mulhervitrola\",\"@id\":\"https:\/\/mulhervitrola.com.br\/blog\/#\/schema\/person\/df88e61e635561444a7aca4ca394ed85\"},\"headline\":\"A feira e a c\u00e1psula do tempo\",\"datePublished\":\"2021-07-18T00:40:32+00:00\",\"mainEntityOfPage\":{\"@id\":\"https:\/\/mulhervitrola.com.br\/blog\/a-feira-e-a-capsula-do-tempo\/\"},\"wordCount\":553,\"commentCount\":9,\"publisher\":{\"@id\":\"https:\/\/mulhervitrola.com.br\/blog\/#\/schema\/person\/df88e61e635561444a7aca4ca394ed85\"},\"image\":{\"@id\":\"https:\/\/mulhervitrola.com.br\/blog\/a-feira-e-a-capsula-do-tempo\/#primaryimage\"},\"thumbnailUrl\":\"https:\/\/i0.wp.com\/mulhervitrola.com.br\/blog\/wp-content\/uploads\/2021\/07\/E5iKen8WEAEnOTf.jpg?fit=1742%2C2048&ssl=1\",\"articleSection\":[\"Papo de Vitrola\"],\"inLanguage\":\"pt-BR\",\"potentialAction\":[{\"@type\":\"CommentAction\",\"name\":\"Comment\",\"target\":[\"https:\/\/mulhervitrola.com.br\/blog\/a-feira-e-a-capsula-do-tempo\/#respond\"]}]},{\"@type\":\"WebPage\",\"@id\":\"https:\/\/mulhervitrola.com.br\/blog\/a-feira-e-a-capsula-do-tempo\/\",\"url\":\"https:\/\/mulhervitrola.com.br\/blog\/a-feira-e-a-capsula-do-tempo\/\",\"name\":\"A feira e a c\u00e1psula do tempo | Blog da Mulher Vitrola\",\"isPartOf\":{\"@id\":\"https:\/\/mulhervitrola.com.br\/blog\/#website\"},\"primaryImageOfPage\":{\"@id\":\"https:\/\/mulhervitrola.com.br\/blog\/a-feira-e-a-capsula-do-tempo\/#primaryimage\"},\"image\":{\"@id\":\"https:\/\/mulhervitrola.com.br\/blog\/a-feira-e-a-capsula-do-tempo\/#primaryimage\"},\"thumbnailUrl\":\"https:\/\/i0.wp.com\/mulhervitrola.com.br\/blog\/wp-content\/uploads\/2021\/07\/E5iKen8WEAEnOTf.jpg?fit=1742%2C2048&ssl=1\",\"datePublished\":\"2021-07-18T00:40:32+00:00\",\"description\":\"Blog da ilustradora e gateira Re Vitrola. Veganismo, gatos e muita arte!\",\"breadcrumb\":{\"@id\":\"https:\/\/mulhervitrola.com.br\/blog\/a-feira-e-a-capsula-do-tempo\/#breadcrumb\"},\"inLanguage\":\"pt-BR\",\"potentialAction\":[{\"@type\":\"ReadAction\",\"target\":[\"https:\/\/mulhervitrola.com.br\/blog\/a-feira-e-a-capsula-do-tempo\/\"]}]},{\"@type\":\"ImageObject\",\"inLanguage\":\"pt-BR\",\"@id\":\"https:\/\/mulhervitrola.com.br\/blog\/a-feira-e-a-capsula-do-tempo\/#primaryimage\",\"url\":\"https:\/\/i0.wp.com\/mulhervitrola.com.br\/blog\/wp-content\/uploads\/2021\/07\/E5iKen8WEAEnOTf.jpg?fit=1742%2C2048&ssl=1\",\"contentUrl\":\"https:\/\/i0.wp.com\/mulhervitrola.com.br\/blog\/wp-content\/uploads\/2021\/07\/E5iKen8WEAEnOTf.jpg?fit=1742%2C2048&ssl=1\",\"width\":1742,\"height\":2048},{\"@type\":\"BreadcrumbList\",\"@id\":\"https:\/\/mulhervitrola.com.br\/blog\/a-feira-e-a-capsula-do-tempo\/#breadcrumb\",\"itemListElement\":[{\"@type\":\"ListItem\",\"position\":1,\"name\":\"In\u00edcio\",\"item\":\"https:\/\/mulhervitrola.com.br\/blog\/\"},{\"@type\":\"ListItem\",\"position\":2,\"name\":\"A feira e a c\u00e1psula do tempo\"}]},{\"@type\":\"WebSite\",\"@id\":\"https:\/\/mulhervitrola.com.br\/blog\/#website\",\"url\":\"https:\/\/mulhervitrola.com.br\/blog\/\",\"name\":\"Blog da Mulher Vitrola\",\"description\":\"por Re Montenegro\",\"publisher\":{\"@id\":\"https:\/\/mulhervitrola.com.br\/blog\/#\/schema\/person\/df88e61e635561444a7aca4ca394ed85\"},\"potentialAction\":[{\"@type\":\"SearchAction\",\"target\":{\"@type\":\"EntryPoint\",\"urlTemplate\":\"https:\/\/mulhervitrola.com.br\/blog\/?s={search_term_string}\"},\"query-input\":{\"@type\":\"PropertyValueSpecification\",\"valueRequired\":true,\"valueName\":\"search_term_string\"}}],\"inLanguage\":\"pt-BR\"},{\"@type\":[\"Person\",\"Organization\"],\"@id\":\"https:\/\/mulhervitrola.com.br\/blog\/#\/schema\/person\/df88e61e635561444a7aca4ca394ed85\",\"name\":\"mulhervitrola\",\"image\":{\"@type\":\"ImageObject\",\"inLanguage\":\"pt-BR\",\"@id\":\"https:\/\/mulhervitrola.com.br\/blog\/#\/schema\/person\/image\/\",\"url\":\"https:\/\/i0.wp.com\/mulhervitrola.com.br\/wp-content\/uploads\/2020\/05\/DSC_0200-scaled.jpg?fit=2560%2C1702&ssl=1\",\"contentUrl\":\"https:\/\/i0.wp.com\/mulhervitrola.com.br\/wp-content\/uploads\/2020\/05\/DSC_0200-scaled.jpg?fit=2560%2C1702&ssl=1\",\"width\":2560,\"height\":1702,\"caption\":\"mulhervitrola\"},\"logo\":{\"@id\":\"https:\/\/mulhervitrola.com.br\/blog\/#\/schema\/person\/image\/\"},\"sameAs\":[\"mulhervitrola\"],\"url\":\"https:\/\/mulhervitrola.com.br\/blog\/author\/mulhervitrola\/\"}]}<\/script>\n<!-- \/ Yoast SEO plugin. -->","yoast_head_json":{"title":"A feira e a c\u00e1psula do tempo | Blog da Mulher Vitrola","description":"Blog da ilustradora e gateira Re Vitrola. Veganismo, gatos e muita arte!","robots":{"index":"index","follow":"follow","max-snippet":"max-snippet:-1","max-image-preview":"max-image-preview:large","max-video-preview":"max-video-preview:-1"},"canonical":"https:\/\/mulhervitrola.com.br\/blog\/a-feira-e-a-capsula-do-tempo\/","og_locale":"pt_BR","og_type":"article","og_title":"A feira e a c\u00e1psula do tempo | Blog da Mulher Vitrola","og_description":"Blog da ilustradora e gateira Re Vitrola. Veganismo, gatos e muita arte!","og_url":"https:\/\/mulhervitrola.com.br\/blog\/a-feira-e-a-capsula-do-tempo\/","og_site_name":"Blog da Mulher Vitrola","article_published_time":"2021-07-18T00:40:32+00:00","og_image":[{"width":1742,"height":2048,"url":"https:\/\/i0.wp.com\/mulhervitrola.com.br\/blog\/wp-content\/uploads\/2021\/07\/E5iKen8WEAEnOTf.jpg?fit=1742%2C2048&ssl=1","type":"image\/jpeg"}],"author":"mulhervitrola","twitter_card":"summary_large_image","twitter_creator":"@mulhervitrola","twitter_site":"@mulhervitrola","twitter_misc":{"Escrito por":"mulhervitrola","Est. tempo de leitura":"3 minutos"},"schema":{"@context":"https:\/\/schema.org","@graph":[{"@type":"Article","@id":"https:\/\/mulhervitrola.com.br\/blog\/a-feira-e-a-capsula-do-tempo\/#article","isPartOf":{"@id":"https:\/\/mulhervitrola.com.br\/blog\/a-feira-e-a-capsula-do-tempo\/"},"author":{"name":"mulhervitrola","@id":"https:\/\/mulhervitrola.com.br\/blog\/#\/schema\/person\/df88e61e635561444a7aca4ca394ed85"},"headline":"A feira e a c\u00e1psula do tempo","datePublished":"2021-07-18T00:40:32+00:00","mainEntityOfPage":{"@id":"https:\/\/mulhervitrola.com.br\/blog\/a-feira-e-a-capsula-do-tempo\/"},"wordCount":553,"commentCount":9,"publisher":{"@id":"https:\/\/mulhervitrola.com.br\/blog\/#\/schema\/person\/df88e61e635561444a7aca4ca394ed85"},"image":{"@id":"https:\/\/mulhervitrola.com.br\/blog\/a-feira-e-a-capsula-do-tempo\/#primaryimage"},"thumbnailUrl":"https:\/\/i0.wp.com\/mulhervitrola.com.br\/blog\/wp-content\/uploads\/2021\/07\/E5iKen8WEAEnOTf.jpg?fit=1742%2C2048&ssl=1","articleSection":["Papo de Vitrola"],"inLanguage":"pt-BR","potentialAction":[{"@type":"CommentAction","name":"Comment","target":["https:\/\/mulhervitrola.com.br\/blog\/a-feira-e-a-capsula-do-tempo\/#respond"]}]},{"@type":"WebPage","@id":"https:\/\/mulhervitrola.com.br\/blog\/a-feira-e-a-capsula-do-tempo\/","url":"https:\/\/mulhervitrola.com.br\/blog\/a-feira-e-a-capsula-do-tempo\/","name":"A feira e a c\u00e1psula do tempo | Blog da Mulher Vitrola","isPartOf":{"@id":"https:\/\/mulhervitrola.com.br\/blog\/#website"},"primaryImageOfPage":{"@id":"https:\/\/mulhervitrola.com.br\/blog\/a-feira-e-a-capsula-do-tempo\/#primaryimage"},"image":{"@id":"https:\/\/mulhervitrola.com.br\/blog\/a-feira-e-a-capsula-do-tempo\/#primaryimage"},"thumbnailUrl":"https:\/\/i0.wp.com\/mulhervitrola.com.br\/blog\/wp-content\/uploads\/2021\/07\/E5iKen8WEAEnOTf.jpg?fit=1742%2C2048&ssl=1","datePublished":"2021-07-18T00:40:32+00:00","description":"Blog da ilustradora e gateira Re Vitrola. Veganismo, gatos e muita arte!","breadcrumb":{"@id":"https:\/\/mulhervitrola.com.br\/blog\/a-feira-e-a-capsula-do-tempo\/#breadcrumb"},"inLanguage":"pt-BR","potentialAction":[{"@type":"ReadAction","target":["https:\/\/mulhervitrola.com.br\/blog\/a-feira-e-a-capsula-do-tempo\/"]}]},{"@type":"ImageObject","inLanguage":"pt-BR","@id":"https:\/\/mulhervitrola.com.br\/blog\/a-feira-e-a-capsula-do-tempo\/#primaryimage","url":"https:\/\/i0.wp.com\/mulhervitrola.com.br\/blog\/wp-content\/uploads\/2021\/07\/E5iKen8WEAEnOTf.jpg?fit=1742%2C2048&ssl=1","contentUrl":"https:\/\/i0.wp.com\/mulhervitrola.com.br\/blog\/wp-content\/uploads\/2021\/07\/E5iKen8WEAEnOTf.jpg?fit=1742%2C2048&ssl=1","width":1742,"height":2048},{"@type":"BreadcrumbList","@id":"https:\/\/mulhervitrola.com.br\/blog\/a-feira-e-a-capsula-do-tempo\/#breadcrumb","itemListElement":[{"@type":"ListItem","position":1,"name":"In\u00edcio","item":"https:\/\/mulhervitrola.com.br\/blog\/"},{"@type":"ListItem","position":2,"name":"A feira e a c\u00e1psula do tempo"}]},{"@type":"WebSite","@id":"https:\/\/mulhervitrola.com.br\/blog\/#website","url":"https:\/\/mulhervitrola.com.br\/blog\/","name":"Blog da Mulher Vitrola","description":"por Re Montenegro","publisher":{"@id":"https:\/\/mulhervitrola.com.br\/blog\/#\/schema\/person\/df88e61e635561444a7aca4ca394ed85"},"potentialAction":[{"@type":"SearchAction","target":{"@type":"EntryPoint","urlTemplate":"https:\/\/mulhervitrola.com.br\/blog\/?s={search_term_string}"},"query-input":{"@type":"PropertyValueSpecification","valueRequired":true,"valueName":"search_term_string"}}],"inLanguage":"pt-BR"},{"@type":["Person","Organization"],"@id":"https:\/\/mulhervitrola.com.br\/blog\/#\/schema\/person\/df88e61e635561444a7aca4ca394ed85","name":"mulhervitrola","image":{"@type":"ImageObject","inLanguage":"pt-BR","@id":"https:\/\/mulhervitrola.com.br\/blog\/#\/schema\/person\/image\/","url":"https:\/\/i0.wp.com\/mulhervitrola.com.br\/wp-content\/uploads\/2020\/05\/DSC_0200-scaled.jpg?fit=2560%2C1702&ssl=1","contentUrl":"https:\/\/i0.wp.com\/mulhervitrola.com.br\/wp-content\/uploads\/2020\/05\/DSC_0200-scaled.jpg?fit=2560%2C1702&ssl=1","width":2560,"height":1702,"caption":"mulhervitrola"},"logo":{"@id":"https:\/\/mulhervitrola.com.br\/blog\/#\/schema\/person\/image\/"},"sameAs":["mulhervitrola"],"url":"https:\/\/mulhervitrola.com.br\/blog\/author\/mulhervitrola\/"}]}},"jetpack_publicize_connections":[],"jetpack_featured_media_url":"https:\/\/i0.wp.com\/mulhervitrola.com.br\/blog\/wp-content\/uploads\/2021\/07\/E5iKen8WEAEnOTf.jpg?fit=1742%2C2048&ssl=1","jetpack_sharing_enabled":true,"jetpack_shortlink":"https:\/\/wp.me\/p3GuHo-3AM","jetpack-related-posts":[{"id":277,"url":"https:\/\/mulhervitrola.com.br\/blog\/insira-sua-cafonice-amorosa-aqui\/","url_meta":{"origin":13812,"position":0},"title":"[Insira sua cafonice amorosa aqui]","author":"mulhervitrola","date":"2 de julho de 2010","format":false,"excerpt":"Vou logo dizendo que vou falar de amor e isso n\u00e3o quer dizer que eu acordei melosa hoje. Ok, que vou desconsiderar a semana hormonal, mas isso n\u00e3o interfere, eu garanto. \u00a0 Mas \u00e9 que ontem minha m\u00e3e me ligou e me perguntou pela mil\u00e9sima vez se eu tinha gravado\u2026","rel":"","context":"Em &quot;Papo de Vitrola&quot;","block_context":{"text":"Papo de Vitrola","link":"https:\/\/mulhervitrola.com.br\/blog\/category\/papo-de-vitrola\/"},"img":{"alt_text":"retro_woman","src":"https:\/\/i0.wp.com\/lh3.ggpht.com\/_MqI182ySLP0\/TC00nBFVwTI\/AAAAAAAAAzY\/Zb3LHWUxUwM\/retro_woman_thumb%5B2%5D.jpg?resize=350%2C200","width":350,"height":200},"classes":[]},{"id":294,"url":"https:\/\/mulhervitrola.com.br\/blog\/os-homens-e-as-coxas\/","url_meta":{"origin":13812,"position":1},"title":"Os homens e as coxas","author":"mulhervitrola","date":"28 de abril de 2010","format":false,"excerpt":"Outro dia algu\u00e9m no Twitter comentou \u00a0\u201ccoisa rara de se ver hoje em dia: homem que liga mais pro c\u00e9rebro do que pra bunda\u201d. \u00a0Pensamento normal de 11 entre 10 mulheres. Pensamento e experi\u00eancia, na maioria das vezes. Desculpem mo\u00e7os, eu n\u00e3o generalizo, mas tive que concordar. E lembro muito\u2026","rel":"","context":"Em &quot;Papo de Vitrola&quot;","block_context":{"text":"Papo de Vitrola","link":"https:\/\/mulhervitrola.com.br\/blog\/category\/papo-de-vitrola\/"},"img":{"alt_text":"","src":"https:\/\/i0.wp.com\/1.bp.blogspot.com\/_MqI182ySLP0\/S9iBatABurI\/AAAAAAAAAn4\/YA2_s2Uw9-g\/s400\/haha%2Bcopy.jpg?resize=350%2C200","width":350,"height":200},"classes":[]},{"id":376,"url":"https:\/\/mulhervitrola.com.br\/blog\/palavras-palavras\/","url_meta":{"origin":13812,"position":2},"title":"palavras, palavras&#8230;","author":"mulhervitrola","date":"28 de maio de 2009","format":false,"excerpt":"Naquele dia que voc\u00ea n\u00e3o acorda l\u00e1 muito legal, e nem t\u00e1 na TPM, parece que tudo d\u00e1 errado. Dias atr\u00e1s, eu estava realmente emburrada no trabalho, algo na minha cabe\u00e7a n\u00e3o estava legal e eu estava realmente incomodada por estar triste. Iniciei minhas tarefas como de costume, e percebi\u2026","rel":"","context":"Em &quot;Papo de Vitrola&quot;","block_context":{"text":"Papo de Vitrola","link":"https:\/\/mulhervitrola.com.br\/blog\/category\/papo-de-vitrola\/"},"img":{"alt_text":"","src":"","width":0,"height":0},"classes":[]},{"id":16846,"url":"https:\/\/mulhervitrola.com.br\/blog\/dolores-sumiu\/","url_meta":{"origin":13812,"position":3},"title":"Dolores sumiu.","author":"mulhervitrola","date":"3 de maio de 2023","format":false,"excerpt":"Para contar a hist\u00f3ria de Dolores, preciso contar antes sobre o Sr. Nelson. O Sr. Nelson era um artista de Nova Igua\u00e7u. Al\u00e9m de pintor de belos quadros, era professor de artes e idiomas. Apreciador de m\u00fasica espanhola e italiana e colecionador de discos de vinil. Tamb\u00e9m resgatava gatinhos de\u2026","rel":"","context":"Em &quot;Papo de Vitrola&quot;","block_context":{"text":"Papo de Vitrola","link":"https:\/\/mulhervitrola.com.br\/blog\/category\/papo-de-vitrola\/"},"img":{"alt_text":"","src":"https:\/\/i0.wp.com\/mulhervitrola.com.br\/blog\/wp-content\/uploads\/2023\/05\/Prancheta-3.jpg?fit=1200%2C675&ssl=1&resize=350%2C200","width":350,"height":200,"srcset":"https:\/\/i0.wp.com\/mulhervitrola.com.br\/blog\/wp-content\/uploads\/2023\/05\/Prancheta-3.jpg?fit=1200%2C675&ssl=1&resize=350%2C200 1x, https:\/\/i0.wp.com\/mulhervitrola.com.br\/blog\/wp-content\/uploads\/2023\/05\/Prancheta-3.jpg?fit=1200%2C675&ssl=1&resize=525%2C300 1.5x, https:\/\/i0.wp.com\/mulhervitrola.com.br\/blog\/wp-content\/uploads\/2023\/05\/Prancheta-3.jpg?fit=1200%2C675&ssl=1&resize=700%2C400 2x, https:\/\/i0.wp.com\/mulhervitrola.com.br\/blog\/wp-content\/uploads\/2023\/05\/Prancheta-3.jpg?fit=1200%2C675&ssl=1&resize=1050%2C600 3x"},"classes":[]},{"id":13510,"url":"https:\/\/mulhervitrola.com.br\/blog\/a-hora-da-laranja\/","url_meta":{"origin":13812,"position":4},"title":"A Hora da Laranja","author":"mulhervitrola","date":"2 de junho de 2020","format":false,"excerpt":"Eu nem sei mais quantos dias temos o que foi nomeado \"quarentena\" pois me perdi nos dias. Eu lembro de termos nos isolado em meados de mar\u00e7o, quando ainda estava em Ubatuba, e desde ent\u00e3o, tenho feito na medida do poss\u00edvel coisas para me esquivar do v\u00edrus - n\u00e3o sei\u2026","rel":"","context":"Em &quot;Papo de Vitrola&quot;","block_context":{"text":"Papo de Vitrola","link":"https:\/\/mulhervitrola.com.br\/blog\/category\/papo-de-vitrola\/"},"img":{"alt_text":"","src":"https:\/\/i0.wp.com\/mulhervitrola.com.br\/blog\/wp-content\/uploads\/2020\/06\/laranja.jpg?fit=1200%2C675&ssl=1&resize=350%2C200","width":350,"height":200,"srcset":"https:\/\/i0.wp.com\/mulhervitrola.com.br\/blog\/wp-content\/uploads\/2020\/06\/laranja.jpg?fit=1200%2C675&ssl=1&resize=350%2C200 1x, https:\/\/i0.wp.com\/mulhervitrola.com.br\/blog\/wp-content\/uploads\/2020\/06\/laranja.jpg?fit=1200%2C675&ssl=1&resize=525%2C300 1.5x, https:\/\/i0.wp.com\/mulhervitrola.com.br\/blog\/wp-content\/uploads\/2020\/06\/laranja.jpg?fit=1200%2C675&ssl=1&resize=700%2C400 2x, https:\/\/i0.wp.com\/mulhervitrola.com.br\/blog\/wp-content\/uploads\/2020\/06\/laranja.jpg?fit=1200%2C675&ssl=1&resize=1050%2C600 3x"},"classes":[]},{"id":9525,"url":"https:\/\/mulhervitrola.com.br\/blog\/esqueci-o-nome-do-filme-que-marcou-minha-vida\/","url_meta":{"origin":13812,"position":5},"title":"Esqueci o nome do filme que marcou minha vida","author":"mulhervitrola","date":"11 de maio de 2019","format":false,"excerpt":"Como muitas outras coisas que esque\u00e7o na vida, exceto as in\u00fateis Quando eu era adolescente - por volta de 1999 -, meu irm\u00e3o tinha uma locadora de VHS, aquelas cl\u00e1ssicas que al\u00e9m dos filmes, tinha TVs pra jogar playstation pagando pela hora e salgadinho elma chips com tazo. O dono\u2026","rel":"","context":"Em &quot;Cinema&quot;","block_context":{"text":"Cinema","link":"https:\/\/mulhervitrola.com.br\/blog\/category\/cinema\/"},"img":{"alt_text":"","src":"https:\/\/i0.wp.com\/mulhervitrola.com.br\/blog\/wp-content\/uploads\/2019\/05\/4-vhs-trailer.jpg?fit=850%2C488&ssl=1&resize=350%2C200","width":350,"height":200,"srcset":"https:\/\/i0.wp.com\/mulhervitrola.com.br\/blog\/wp-content\/uploads\/2019\/05\/4-vhs-trailer.jpg?fit=850%2C488&ssl=1&resize=350%2C200 1x, https:\/\/i0.wp.com\/mulhervitrola.com.br\/blog\/wp-content\/uploads\/2019\/05\/4-vhs-trailer.jpg?fit=850%2C488&ssl=1&resize=525%2C300 1.5x, https:\/\/i0.wp.com\/mulhervitrola.com.br\/blog\/wp-content\/uploads\/2019\/05\/4-vhs-trailer.jpg?fit=850%2C488&ssl=1&resize=700%2C400 2x"},"classes":[]}],"jetpack_likes_enabled":true,"_links":{"self":[{"href":"https:\/\/mulhervitrola.com.br\/blog\/wp-json\/wp\/v2\/posts\/13812","targetHints":{"allow":["GET"]}}],"collection":[{"href":"https:\/\/mulhervitrola.com.br\/blog\/wp-json\/wp\/v2\/posts"}],"about":[{"href":"https:\/\/mulhervitrola.com.br\/blog\/wp-json\/wp\/v2\/types\/post"}],"author":[{"embeddable":true,"href":"https:\/\/mulhervitrola.com.br\/blog\/wp-json\/wp\/v2\/users\/1"}],"replies":[{"embeddable":true,"href":"https:\/\/mulhervitrola.com.br\/blog\/wp-json\/wp\/v2\/comments?post=13812"}],"version-history":[{"count":2,"href":"https:\/\/mulhervitrola.com.br\/blog\/wp-json\/wp\/v2\/posts\/13812\/revisions"}],"predecessor-version":[{"id":13821,"href":"https:\/\/mulhervitrola.com.br\/blog\/wp-json\/wp\/v2\/posts\/13812\/revisions\/13821"}],"wp:featuredmedia":[{"embeddable":true,"href":"https:\/\/mulhervitrola.com.br\/blog\/wp-json\/wp\/v2\/media\/13819"}],"wp:attachment":[{"href":"https:\/\/mulhervitrola.com.br\/blog\/wp-json\/wp\/v2\/media?parent=13812"}],"wp:term":[{"taxonomy":"category","embeddable":true,"href":"https:\/\/mulhervitrola.com.br\/blog\/wp-json\/wp\/v2\/categories?post=13812"},{"taxonomy":"post_tag","embeddable":true,"href":"https:\/\/mulhervitrola.com.br\/blog\/wp-json\/wp\/v2\/tags?post=13812"}],"curies":[{"name":"wp","href":"https:\/\/api.w.org\/{rel}","templated":true}]}}