{"id":13836,"date":"2022-02-20T06:59:12","date_gmt":"2022-02-20T09:59:12","guid":{"rendered":"https:\/\/mulhervitrola.com.br\/?p=13836"},"modified":"2022-02-20T06:59:14","modified_gmt":"2022-02-20T09:59:14","slug":"pode-chamar-de-vitrola","status":"publish","type":"post","link":"https:\/\/mulhervitrola.com.br\/blog\/pode-chamar-de-vitrola\/","title":{"rendered":"pode chamar de vitrola"},"content":{"rendered":"\n<p>eu havia lido esse post da <a href=\"https:\/\/www.algumasobservacoes.com\/2022\/01\/fernanda-por-maioria-de-votos.html\">Fernanda<\/a> sobre a hist\u00f3ria de seu nome e fiquei pensando sobre. depois que minha m\u00e3e faleceu, muitas hist\u00f3rias ganharam religa\u00e7\u00f5es, algumas deixaram de existir, outras entraram na possibilidade de sequer nunca terem existido.<strong> a hist\u00f3ria do meu nome \u00e9 uma delas.<\/strong><\/p>\n\n\n\n<p>minha m\u00e3e sempre contava que a escolha do meu nome foi em homenagem a uma amiga, que gostava muito de uma menina da casa em que trabalhou. muito inteligente, ela se chamava<strong> renata<\/strong>. e eu, que me chamaria &#8220;fabiane&#8221;, passei a me chamar renata.<\/p>\n\n\n\n<blockquote class=\"wp-block-quote has-medium-font-size is-layout-flow wp-block-quote-is-layout-flow\" style=\"font-style:italic;font-weight:300\"><p><strong>Ren\u00e9e<\/strong>\u00a0\u00e9 um prenome feminino que vem da varia\u00e7\u00e3o latina\u00a0<strong>Renatus<\/strong>, que significa &#8220;nascido de novo&#8221;. Em pa\u00edses de l\u00edngua italiana, portuguesa e espanhola se utiliza existe as formas no masculino e no feminino,\u00a0<strong>Renato<\/strong>\u00a0e\u00a0<strong>Renata<\/strong>. No idioma franc\u00eas foi traduzido para\u00a0<strong>Ren\u00e9<\/strong>\u00a0e\u00a0<strong>Ren\u00e9e<\/strong>. Existe tamb\u00e9m a forma feminina\u00a0<strong>Renate<\/strong>, comum em pa\u00edses de l\u00edngua alem\u00e3 e neerlandesa.\u00a0<strong>Renata<\/strong>\u00a0\u00e9 um nome feminino comum na Pol\u00f4nia, Rep\u00fablica Checa, Cro\u00e1cia e Eslov\u00e1quia.<\/p><\/blockquote>\n\n\n\n<p>nunca gostei do meu nome. at\u00e9 uns 13 anos de idade, nunca havia estudado com uma renata, e eu tinha inveja do mundo de<em> priscilas, tatianas <\/em>e<em> micheles<\/em> se reunindo no recreio com seus nomes populares. meu nome era comum, f\u00e1cil de escrever e ningu\u00e9m o tinha. e por qu\u00ea?<\/p>\n\n\n\n<p>durante muito tempo, tive apelidos: pereira, morcego (?), montenegro, pen\u00e9lope, key. e para uma satisfa\u00e7\u00e3o estranha, realizei o sonho de inf\u00e2ncia e estudei numa classe <strong>com mais 4 renatas al\u00e9m de mim<\/strong>. e tem tamb\u00e9m as varia\u00e7\u00f5es confund\u00edveis de renata: fernanda e roberta. a veterin\u00e1ria da jaguatirica durante muito tempo me chamava de patr\u00edcia. achei engra\u00e7ado e n\u00e3o corrigi. quando ela se deu conta, se desculpou muito constrangida: &#8220;n\u00e3o sei da onde tirei que voc\u00ea se chamava patr\u00edcia&#8221;. <\/p>\n\n\n\n<figure class=\"wp-block-image is-style-rounded wp-duotone-8c00b7-fcff41-1\"><img data-recalc-dims=\"1\" decoding=\"async\" src=\"https:\/\/i0.wp.com\/d3ugyf2ht6aenh.cloudfront.net\/stores\/455\/258\/products\/macarrao-renata-grano-duro-500g-penne-tricolori1-6acfe142ef0ba23f1415306458007148-640-0.jpg?w=2560\" alt=\"MACARR\u00c3O S\u00caMOLA RENATA GRANO DURO 500G TRICOLORI PENNE\"\/><figcaption>renata, tricolori e com vegetais. <\/figcaption><\/figure>\n\n\n\n<p>tem uns bons anos que as pessoas passaram a me chamar pelo meu nome &#8220;art\u00edstico&#8221; vitrola e eu passei a gostar muito, acho carinhoso. amo quando me chamam de vitrola\/vitrolinha e a possibilidade de existirem pessoas que sequer sabem qual \u00e9 meu nome verdadeiro.<\/p>\n\n\n\n<p>n\u00e3o gosto quando amigos e conhecidos me chamam de renata. se for namorado ent\u00e3o, \u00e9 motivo at\u00e9 para briga. <em>&#8220;t\u00e1 com raiva de mim? por qual motivo t\u00e1 me chamando assim?&#8221;<\/em>. tudo porque passei a perceber que quando me chamavamdesta forma, \u00e9 porque o relacionamento havia chegado ao fim. dependendo da situa\u00e7\u00e3o, meu nome vira uma esp\u00e9cie de ofensa &#8211; ou despedida.<\/p>\n\n\n\n<p>tem dias que eu sinto que n\u00e3o tenho nome nenhum. <\/p>\n\n\n\n<p>mas pode me chamar de <strong>vitrola<\/strong>. <\/p>\n\n\n\n<p><a href=\"https:\/\/censo2010.ibge.gov.br\/nomes\/#\/search\">link interessante: n\u00edvel de popularidade do seu nome de acordo com dados do IBG<\/a>E.<\/p>\n","protected":false},"excerpt":{"rendered":"<p>eu havia lido esse post da Fernanda sobre a hist\u00f3ria de seu nome e fiquei pensando sobre. depois que minha m\u00e3e faleceu, muitas hist\u00f3rias ganharam religa\u00e7\u00f5es, algumas deixaram de existir, outras entraram na possibilidade de sequer nunca terem existido. a hist\u00f3ria do meu nome \u00e9 uma delas. minha m\u00e3e sempre contava que a escolha do&#8230;<a class=\"btnReadMore\" href=\"https:\/\/mulhervitrola.com.br\/blog\/pode-chamar-de-vitrola\/\">Leia mais<i class=\"fa fa-long-arrow-right\"><\/i><\/a><\/p>\n","protected":false},"author":1,"featured_media":0,"comment_status":"open","ping_status":"open","sticky":false,"template":"","format":"standard","meta":{"_uf_show_specific_survey":0,"_uf_disable_surveys":false,"jetpack_post_was_ever_published":false,"_jetpack_newsletter_access":"","_jetpack_dont_email_post_to_subs":false,"_jetpack_newsletter_tier_id":0,"_jetpack_memberships_contains_paywalled_content":false,"_jetpack_memberships_contains_paid_content":false,"footnotes":"","jetpack_publicize_message":"","jetpack_publicize_feature_enabled":true,"jetpack_social_post_already_shared":true,"jetpack_social_options":{"image_generator_settings":{"template":"highway","default_image_id":0,"font":"","enabled":false},"version":2}},"categories":[122],"tags":[],"class_list":["post-13836","post","type-post","status-publish","format-standard","hentry","category-papo-de-vitrola"],"yoast_head":"<!-- This site is optimized with the Yoast SEO plugin v26.7 - https:\/\/yoast.com\/wordpress\/plugins\/seo\/ -->\n<title>pode chamar de vitrola | Blog da Mulher Vitrola<\/title>\n<meta name=\"description\" content=\"Blog da ilustradora e gateira Re Vitrola. Veganismo, gatos e muita arte!\" \/>\n<meta name=\"robots\" content=\"index, follow, max-snippet:-1, max-image-preview:large, max-video-preview:-1\" \/>\n<link rel=\"canonical\" href=\"https:\/\/mulhervitrola.com.br\/blog\/pode-chamar-de-vitrola\/\" \/>\n<meta property=\"og:locale\" content=\"pt_BR\" \/>\n<meta property=\"og:type\" content=\"article\" \/>\n<meta property=\"og:title\" content=\"pode chamar de vitrola | Blog da Mulher Vitrola\" \/>\n<meta property=\"og:description\" content=\"Blog da ilustradora e gateira Re Vitrola. Veganismo, gatos e muita arte!\" \/>\n<meta property=\"og:url\" content=\"https:\/\/mulhervitrola.com.br\/blog\/pode-chamar-de-vitrola\/\" \/>\n<meta property=\"og:site_name\" content=\"Blog da Mulher Vitrola\" \/>\n<meta property=\"article:published_time\" content=\"2022-02-20T09:59:12+00:00\" \/>\n<meta property=\"article:modified_time\" content=\"2022-02-20T09:59:14+00:00\" \/>\n<meta property=\"og:image\" content=\"http:\/\/d3ugyf2ht6aenh.cloudfront.net\/stores\/455\/258\/products\/macarrao-renata-grano-duro-500g-penne-tricolori1-6acfe142ef0ba23f1415306458007148-640-0.jpg\" \/>\n<meta name=\"author\" content=\"mulhervitrola\" \/>\n<meta name=\"twitter:card\" content=\"summary_large_image\" \/>\n<meta name=\"twitter:creator\" content=\"@mulhervitrola\" \/>\n<meta name=\"twitter:site\" content=\"@mulhervitrola\" \/>\n<meta name=\"twitter:label1\" content=\"Escrito por\" \/>\n\t<meta name=\"twitter:data1\" content=\"mulhervitrola\" \/>\n\t<meta name=\"twitter:label2\" content=\"Est. tempo de leitura\" \/>\n\t<meta name=\"twitter:data2\" content=\"3 minutos\" \/>\n<script type=\"application\/ld+json\" class=\"yoast-schema-graph\">{\"@context\":\"https:\/\/schema.org\",\"@graph\":[{\"@type\":\"Article\",\"@id\":\"https:\/\/mulhervitrola.com.br\/blog\/pode-chamar-de-vitrola\/#article\",\"isPartOf\":{\"@id\":\"https:\/\/mulhervitrola.com.br\/blog\/pode-chamar-de-vitrola\/\"},\"author\":{\"name\":\"mulhervitrola\",\"@id\":\"https:\/\/mulhervitrola.com.br\/blog\/#\/schema\/person\/df88e61e635561444a7aca4ca394ed85\"},\"headline\":\"pode chamar de vitrola\",\"datePublished\":\"2022-02-20T09:59:12+00:00\",\"dateModified\":\"2022-02-20T09:59:14+00:00\",\"mainEntityOfPage\":{\"@id\":\"https:\/\/mulhervitrola.com.br\/blog\/pode-chamar-de-vitrola\/\"},\"wordCount\":470,\"commentCount\":5,\"publisher\":{\"@id\":\"https:\/\/mulhervitrola.com.br\/blog\/#\/schema\/person\/df88e61e635561444a7aca4ca394ed85\"},\"image\":{\"@id\":\"https:\/\/mulhervitrola.com.br\/blog\/pode-chamar-de-vitrola\/#primaryimage\"},\"thumbnailUrl\":\"http:\/\/d3ugyf2ht6aenh.cloudfront.net\/stores\/455\/258\/products\/macarrao-renata-grano-duro-500g-penne-tricolori1-6acfe142ef0ba23f1415306458007148-640-0.jpg\",\"articleSection\":[\"Papo de Vitrola\"],\"inLanguage\":\"pt-BR\",\"potentialAction\":[{\"@type\":\"CommentAction\",\"name\":\"Comment\",\"target\":[\"https:\/\/mulhervitrola.com.br\/blog\/pode-chamar-de-vitrola\/#respond\"]}]},{\"@type\":\"WebPage\",\"@id\":\"https:\/\/mulhervitrola.com.br\/blog\/pode-chamar-de-vitrola\/\",\"url\":\"https:\/\/mulhervitrola.com.br\/blog\/pode-chamar-de-vitrola\/\",\"name\":\"pode chamar de vitrola | Blog da Mulher Vitrola\",\"isPartOf\":{\"@id\":\"https:\/\/mulhervitrola.com.br\/blog\/#website\"},\"primaryImageOfPage\":{\"@id\":\"https:\/\/mulhervitrola.com.br\/blog\/pode-chamar-de-vitrola\/#primaryimage\"},\"image\":{\"@id\":\"https:\/\/mulhervitrola.com.br\/blog\/pode-chamar-de-vitrola\/#primaryimage\"},\"thumbnailUrl\":\"http:\/\/d3ugyf2ht6aenh.cloudfront.net\/stores\/455\/258\/products\/macarrao-renata-grano-duro-500g-penne-tricolori1-6acfe142ef0ba23f1415306458007148-640-0.jpg\",\"datePublished\":\"2022-02-20T09:59:12+00:00\",\"dateModified\":\"2022-02-20T09:59:14+00:00\",\"description\":\"Blog da ilustradora e gateira Re Vitrola. Veganismo, gatos e muita arte!\",\"breadcrumb\":{\"@id\":\"https:\/\/mulhervitrola.com.br\/blog\/pode-chamar-de-vitrola\/#breadcrumb\"},\"inLanguage\":\"pt-BR\",\"potentialAction\":[{\"@type\":\"ReadAction\",\"target\":[\"https:\/\/mulhervitrola.com.br\/blog\/pode-chamar-de-vitrola\/\"]}]},{\"@type\":\"ImageObject\",\"inLanguage\":\"pt-BR\",\"@id\":\"https:\/\/mulhervitrola.com.br\/blog\/pode-chamar-de-vitrola\/#primaryimage\",\"url\":\"http:\/\/d3ugyf2ht6aenh.cloudfront.net\/stores\/455\/258\/products\/macarrao-renata-grano-duro-500g-penne-tricolori1-6acfe142ef0ba23f1415306458007148-640-0.jpg\",\"contentUrl\":\"http:\/\/d3ugyf2ht6aenh.cloudfront.net\/stores\/455\/258\/products\/macarrao-renata-grano-duro-500g-penne-tricolori1-6acfe142ef0ba23f1415306458007148-640-0.jpg\"},{\"@type\":\"BreadcrumbList\",\"@id\":\"https:\/\/mulhervitrola.com.br\/blog\/pode-chamar-de-vitrola\/#breadcrumb\",\"itemListElement\":[{\"@type\":\"ListItem\",\"position\":1,\"name\":\"In\u00edcio\",\"item\":\"https:\/\/mulhervitrola.com.br\/blog\/\"},{\"@type\":\"ListItem\",\"position\":2,\"name\":\"pode chamar de vitrola\"}]},{\"@type\":\"WebSite\",\"@id\":\"https:\/\/mulhervitrola.com.br\/blog\/#website\",\"url\":\"https:\/\/mulhervitrola.com.br\/blog\/\",\"name\":\"Blog da Mulher Vitrola\",\"description\":\"por Re Montenegro\",\"publisher\":{\"@id\":\"https:\/\/mulhervitrola.com.br\/blog\/#\/schema\/person\/df88e61e635561444a7aca4ca394ed85\"},\"potentialAction\":[{\"@type\":\"SearchAction\",\"target\":{\"@type\":\"EntryPoint\",\"urlTemplate\":\"https:\/\/mulhervitrola.com.br\/blog\/?s={search_term_string}\"},\"query-input\":{\"@type\":\"PropertyValueSpecification\",\"valueRequired\":true,\"valueName\":\"search_term_string\"}}],\"inLanguage\":\"pt-BR\"},{\"@type\":[\"Person\",\"Organization\"],\"@id\":\"https:\/\/mulhervitrola.com.br\/blog\/#\/schema\/person\/df88e61e635561444a7aca4ca394ed85\",\"name\":\"mulhervitrola\",\"image\":{\"@type\":\"ImageObject\",\"inLanguage\":\"pt-BR\",\"@id\":\"https:\/\/mulhervitrola.com.br\/blog\/#\/schema\/person\/image\/\",\"url\":\"https:\/\/i0.wp.com\/mulhervitrola.com.br\/wp-content\/uploads\/2020\/05\/DSC_0200-scaled.jpg?fit=2560%2C1702&ssl=1\",\"contentUrl\":\"https:\/\/i0.wp.com\/mulhervitrola.com.br\/wp-content\/uploads\/2020\/05\/DSC_0200-scaled.jpg?fit=2560%2C1702&ssl=1\",\"width\":2560,\"height\":1702,\"caption\":\"mulhervitrola\"},\"logo\":{\"@id\":\"https:\/\/mulhervitrola.com.br\/blog\/#\/schema\/person\/image\/\"},\"sameAs\":[\"mulhervitrola\"],\"url\":\"https:\/\/mulhervitrola.com.br\/blog\/author\/mulhervitrola\/\"}]}<\/script>\n<!-- \/ Yoast SEO plugin. -->","yoast_head_json":{"title":"pode chamar de vitrola | Blog da Mulher Vitrola","description":"Blog da ilustradora e gateira Re Vitrola. Veganismo, gatos e muita arte!","robots":{"index":"index","follow":"follow","max-snippet":"max-snippet:-1","max-image-preview":"max-image-preview:large","max-video-preview":"max-video-preview:-1"},"canonical":"https:\/\/mulhervitrola.com.br\/blog\/pode-chamar-de-vitrola\/","og_locale":"pt_BR","og_type":"article","og_title":"pode chamar de vitrola | Blog da Mulher Vitrola","og_description":"Blog da ilustradora e gateira Re Vitrola. Veganismo, gatos e muita arte!","og_url":"https:\/\/mulhervitrola.com.br\/blog\/pode-chamar-de-vitrola\/","og_site_name":"Blog da Mulher Vitrola","article_published_time":"2022-02-20T09:59:12+00:00","article_modified_time":"2022-02-20T09:59:14+00:00","og_image":[{"url":"http:\/\/d3ugyf2ht6aenh.cloudfront.net\/stores\/455\/258\/products\/macarrao-renata-grano-duro-500g-penne-tricolori1-6acfe142ef0ba23f1415306458007148-640-0.jpg","type":"","width":"","height":""}],"author":"mulhervitrola","twitter_card":"summary_large_image","twitter_creator":"@mulhervitrola","twitter_site":"@mulhervitrola","twitter_misc":{"Escrito por":"mulhervitrola","Est. tempo de leitura":"3 minutos"},"schema":{"@context":"https:\/\/schema.org","@graph":[{"@type":"Article","@id":"https:\/\/mulhervitrola.com.br\/blog\/pode-chamar-de-vitrola\/#article","isPartOf":{"@id":"https:\/\/mulhervitrola.com.br\/blog\/pode-chamar-de-vitrola\/"},"author":{"name":"mulhervitrola","@id":"https:\/\/mulhervitrola.com.br\/blog\/#\/schema\/person\/df88e61e635561444a7aca4ca394ed85"},"headline":"pode chamar de vitrola","datePublished":"2022-02-20T09:59:12+00:00","dateModified":"2022-02-20T09:59:14+00:00","mainEntityOfPage":{"@id":"https:\/\/mulhervitrola.com.br\/blog\/pode-chamar-de-vitrola\/"},"wordCount":470,"commentCount":5,"publisher":{"@id":"https:\/\/mulhervitrola.com.br\/blog\/#\/schema\/person\/df88e61e635561444a7aca4ca394ed85"},"image":{"@id":"https:\/\/mulhervitrola.com.br\/blog\/pode-chamar-de-vitrola\/#primaryimage"},"thumbnailUrl":"http:\/\/d3ugyf2ht6aenh.cloudfront.net\/stores\/455\/258\/products\/macarrao-renata-grano-duro-500g-penne-tricolori1-6acfe142ef0ba23f1415306458007148-640-0.jpg","articleSection":["Papo de Vitrola"],"inLanguage":"pt-BR","potentialAction":[{"@type":"CommentAction","name":"Comment","target":["https:\/\/mulhervitrola.com.br\/blog\/pode-chamar-de-vitrola\/#respond"]}]},{"@type":"WebPage","@id":"https:\/\/mulhervitrola.com.br\/blog\/pode-chamar-de-vitrola\/","url":"https:\/\/mulhervitrola.com.br\/blog\/pode-chamar-de-vitrola\/","name":"pode chamar de vitrola | Blog da Mulher Vitrola","isPartOf":{"@id":"https:\/\/mulhervitrola.com.br\/blog\/#website"},"primaryImageOfPage":{"@id":"https:\/\/mulhervitrola.com.br\/blog\/pode-chamar-de-vitrola\/#primaryimage"},"image":{"@id":"https:\/\/mulhervitrola.com.br\/blog\/pode-chamar-de-vitrola\/#primaryimage"},"thumbnailUrl":"http:\/\/d3ugyf2ht6aenh.cloudfront.net\/stores\/455\/258\/products\/macarrao-renata-grano-duro-500g-penne-tricolori1-6acfe142ef0ba23f1415306458007148-640-0.jpg","datePublished":"2022-02-20T09:59:12+00:00","dateModified":"2022-02-20T09:59:14+00:00","description":"Blog da ilustradora e gateira Re Vitrola. Veganismo, gatos e muita arte!","breadcrumb":{"@id":"https:\/\/mulhervitrola.com.br\/blog\/pode-chamar-de-vitrola\/#breadcrumb"},"inLanguage":"pt-BR","potentialAction":[{"@type":"ReadAction","target":["https:\/\/mulhervitrola.com.br\/blog\/pode-chamar-de-vitrola\/"]}]},{"@type":"ImageObject","inLanguage":"pt-BR","@id":"https:\/\/mulhervitrola.com.br\/blog\/pode-chamar-de-vitrola\/#primaryimage","url":"http:\/\/d3ugyf2ht6aenh.cloudfront.net\/stores\/455\/258\/products\/macarrao-renata-grano-duro-500g-penne-tricolori1-6acfe142ef0ba23f1415306458007148-640-0.jpg","contentUrl":"http:\/\/d3ugyf2ht6aenh.cloudfront.net\/stores\/455\/258\/products\/macarrao-renata-grano-duro-500g-penne-tricolori1-6acfe142ef0ba23f1415306458007148-640-0.jpg"},{"@type":"BreadcrumbList","@id":"https:\/\/mulhervitrola.com.br\/blog\/pode-chamar-de-vitrola\/#breadcrumb","itemListElement":[{"@type":"ListItem","position":1,"name":"In\u00edcio","item":"https:\/\/mulhervitrola.com.br\/blog\/"},{"@type":"ListItem","position":2,"name":"pode chamar de vitrola"}]},{"@type":"WebSite","@id":"https:\/\/mulhervitrola.com.br\/blog\/#website","url":"https:\/\/mulhervitrola.com.br\/blog\/","name":"Blog da Mulher Vitrola","description":"por Re Montenegro","publisher":{"@id":"https:\/\/mulhervitrola.com.br\/blog\/#\/schema\/person\/df88e61e635561444a7aca4ca394ed85"},"potentialAction":[{"@type":"SearchAction","target":{"@type":"EntryPoint","urlTemplate":"https:\/\/mulhervitrola.com.br\/blog\/?s={search_term_string}"},"query-input":{"@type":"PropertyValueSpecification","valueRequired":true,"valueName":"search_term_string"}}],"inLanguage":"pt-BR"},{"@type":["Person","Organization"],"@id":"https:\/\/mulhervitrola.com.br\/blog\/#\/schema\/person\/df88e61e635561444a7aca4ca394ed85","name":"mulhervitrola","image":{"@type":"ImageObject","inLanguage":"pt-BR","@id":"https:\/\/mulhervitrola.com.br\/blog\/#\/schema\/person\/image\/","url":"https:\/\/i0.wp.com\/mulhervitrola.com.br\/wp-content\/uploads\/2020\/05\/DSC_0200-scaled.jpg?fit=2560%2C1702&ssl=1","contentUrl":"https:\/\/i0.wp.com\/mulhervitrola.com.br\/wp-content\/uploads\/2020\/05\/DSC_0200-scaled.jpg?fit=2560%2C1702&ssl=1","width":2560,"height":1702,"caption":"mulhervitrola"},"logo":{"@id":"https:\/\/mulhervitrola.com.br\/blog\/#\/schema\/person\/image\/"},"sameAs":["mulhervitrola"],"url":"https:\/\/mulhervitrola.com.br\/blog\/author\/mulhervitrola\/"}]}},"jetpack_publicize_connections":[],"jetpack_featured_media_url":"","jetpack_sharing_enabled":true,"jetpack_shortlink":"https:\/\/wp.me\/p3GuHo-3Ba","jetpack-related-posts":[{"id":129,"url":"https:\/\/mulhervitrola.com.br\/blog\/a-arte-de-vassourar\/","url_meta":{"origin":13836,"position":0},"title":"A arte de Vassourar","author":"mulhervitrola","date":"16 de abril de 2012","format":false,"excerpt":"Meu marido e eu somos um casal que adora conhecer gente nova, chamar em casa e preparar comidinhas. Mas somos reservados: gostamos de CONVIDAR. E desde crian\u00e7a, nunca fui f\u00e3 de visitas surpresas. Hoje ent\u00e3o, tenho pavor, principalmente se a casa estiver uma zona e for fim de m\u00eas\u2026 Mas,\u2026","rel":"","context":"Em &quot;Papo de Vitrola&quot;","block_context":{"text":"Papo de Vitrola","link":"https:\/\/mulhervitrola.com.br\/blog\/category\/papo-de-vitrola\/"},"img":{"alt_text":"","src":"","width":0,"height":0},"classes":[]},{"id":9525,"url":"https:\/\/mulhervitrola.com.br\/blog\/esqueci-o-nome-do-filme-que-marcou-minha-vida\/","url_meta":{"origin":13836,"position":1},"title":"Esqueci o nome do filme que marcou minha vida","author":"mulhervitrola","date":"11 de maio de 2019","format":false,"excerpt":"Como muitas outras coisas que esque\u00e7o na vida, exceto as in\u00fateis Quando eu era adolescente - por volta de 1999 -, meu irm\u00e3o tinha uma locadora de VHS, aquelas cl\u00e1ssicas que al\u00e9m dos filmes, tinha TVs pra jogar playstation pagando pela hora e salgadinho elma chips com tazo. O dono\u2026","rel":"","context":"Em &quot;Cinema&quot;","block_context":{"text":"Cinema","link":"https:\/\/mulhervitrola.com.br\/blog\/category\/cinema\/"},"img":{"alt_text":"","src":"https:\/\/i0.wp.com\/mulhervitrola.com.br\/blog\/wp-content\/uploads\/2019\/05\/4-vhs-trailer.jpg?fit=850%2C488&ssl=1&resize=350%2C200","width":350,"height":200,"srcset":"https:\/\/i0.wp.com\/mulhervitrola.com.br\/blog\/wp-content\/uploads\/2019\/05\/4-vhs-trailer.jpg?fit=850%2C488&ssl=1&resize=350%2C200 1x, https:\/\/i0.wp.com\/mulhervitrola.com.br\/blog\/wp-content\/uploads\/2019\/05\/4-vhs-trailer.jpg?fit=850%2C488&ssl=1&resize=525%2C300 1.5x, https:\/\/i0.wp.com\/mulhervitrola.com.br\/blog\/wp-content\/uploads\/2019\/05\/4-vhs-trailer.jpg?fit=850%2C488&ssl=1&resize=700%2C400 2x"},"classes":[]},{"id":17822,"url":"https:\/\/mulhervitrola.com.br\/blog\/mae-de-adulto\/","url_meta":{"origin":13836,"position":2},"title":"M\u00e3e de adulto","author":"mulhervitrola","date":"22 de janeiro de 2026","format":false,"excerpt":"Uma m\u00e3e de um adulto entra na sala... em que se converte a mater tem a nos dizer depois que nos tornamos \"dispens\u00e1veis\"?","rel":"","context":"Em &quot;Papo de Vitrola&quot;","block_context":{"text":"Papo de Vitrola","link":"https:\/\/mulhervitrola.com.br\/blog\/category\/papo-de-vitrola\/"},"img":{"alt_text":"","src":"https:\/\/i0.wp.com\/mulhervitrola.com.br\/blog\/wp-content\/uploads\/2026\/01\/Ilustra-Renata-Montenegro.psd.jpg?fit=1200%2C675&ssl=1&resize=350%2C200","width":350,"height":200,"srcset":"https:\/\/i0.wp.com\/mulhervitrola.com.br\/blog\/wp-content\/uploads\/2026\/01\/Ilustra-Renata-Montenegro.psd.jpg?fit=1200%2C675&ssl=1&resize=350%2C200 1x, https:\/\/i0.wp.com\/mulhervitrola.com.br\/blog\/wp-content\/uploads\/2026\/01\/Ilustra-Renata-Montenegro.psd.jpg?fit=1200%2C675&ssl=1&resize=525%2C300 1.5x, https:\/\/i0.wp.com\/mulhervitrola.com.br\/blog\/wp-content\/uploads\/2026\/01\/Ilustra-Renata-Montenegro.psd.jpg?fit=1200%2C675&ssl=1&resize=700%2C400 2x, https:\/\/i0.wp.com\/mulhervitrola.com.br\/blog\/wp-content\/uploads\/2026\/01\/Ilustra-Renata-Montenegro.psd.jpg?fit=1200%2C675&ssl=1&resize=1050%2C600 3x"},"classes":[]},{"id":13843,"url":"https:\/\/mulhervitrola.com.br\/blog\/notas-de-uma-inquilina\/","url_meta":{"origin":13836,"position":3},"title":"Notas de uma inquilina","author":"mulhervitrola","date":"30 de mar\u00e7o de 2022","format":false,"excerpt":"Eu j\u00e1 me mudei num total de, at\u00e9 agora, TREZE vezes. E treze tamb\u00e9m \u00e9 o n\u00famero da casa onde morei quando crian\u00e7a. Minha m\u00e3e adorava dizer que treze era a morada da sorte. E foi numa dessas expectativas de sortes num\u00e9ricas que, durante a pandemia, eu decidi sair de\u2026","rel":"","context":"Em &quot;Papo de Vitrola&quot;","block_context":{"text":"Papo de Vitrola","link":"https:\/\/mulhervitrola.com.br\/blog\/category\/papo-de-vitrola\/"},"img":{"alt_text":"","src":"https:\/\/i0.wp.com\/mulhervitrola.com.br\/blog\/wp-content\/uploads\/2022\/03\/1970-01-19-105720694-scaled.jpeg?fit=1200%2C900&ssl=1&resize=350%2C200","width":350,"height":200,"srcset":"https:\/\/i0.wp.com\/mulhervitrola.com.br\/blog\/wp-content\/uploads\/2022\/03\/1970-01-19-105720694-scaled.jpeg?fit=1200%2C900&ssl=1&resize=350%2C200 1x, https:\/\/i0.wp.com\/mulhervitrola.com.br\/blog\/wp-content\/uploads\/2022\/03\/1970-01-19-105720694-scaled.jpeg?fit=1200%2C900&ssl=1&resize=525%2C300 1.5x, https:\/\/i0.wp.com\/mulhervitrola.com.br\/blog\/wp-content\/uploads\/2022\/03\/1970-01-19-105720694-scaled.jpeg?fit=1200%2C900&ssl=1&resize=700%2C400 2x, https:\/\/i0.wp.com\/mulhervitrola.com.br\/blog\/wp-content\/uploads\/2022\/03\/1970-01-19-105720694-scaled.jpeg?fit=1200%2C900&ssl=1&resize=1050%2C600 3x"},"classes":[]},{"id":357,"url":"https:\/\/mulhervitrola.com.br\/blog\/amoridade\/","url_meta":{"origin":13836,"position":4},"title":"amoridade","author":"mulhervitrola","date":"17 de agosto de 2009","format":false,"excerpt":"Dias atr\u00e1s minha m\u00e3e me ligou. Desde que minha m\u00e3e mudou-se pra S\u00e3o Paulo, as liga\u00e7\u00f5es dela resumiram-se em avisos antecipados de visita ou... uma simples novidade. E, na maioria (ou seria SEMPRE?) eu penso na primeira hip\u00f3tese. Minha m\u00e3e j\u00e1 est\u00e1 com quase 60 anos e tem uma vida\u2026","rel":"","context":"Em &quot;Papo de Vitrola&quot;","block_context":{"text":"Papo de Vitrola","link":"https:\/\/mulhervitrola.com.br\/blog\/category\/papo-de-vitrola\/"},"img":{"alt_text":"","src":"","width":0,"height":0},"classes":[]},{"id":16975,"url":"https:\/\/mulhervitrola.com.br\/blog\/passarinhando-em-tempos-de-caos\/","url_meta":{"origin":13836,"position":5},"title":"Passarinhando em tempos de caos","author":"mulhervitrola","date":"28 de julho de 2023","format":false,"excerpt":"Dias atr\u00e1s o nome e \u00edcone da rede social Twitter mudou, e talvez este seja a cereja de toda trajet\u00f3ria da rede ap\u00f3s seu novo dono, Ellon Musk. Twitter j\u00e1 foi minha rede social favorita, fiz amigos (e alguns nem tanto), me diverti e aprendi coisas. Apesar da nossa (ainda)\u2026","rel":"","context":"Em &quot;Papo de Vitrola&quot;","block_context":{"text":"Papo de Vitrola","link":"https:\/\/mulhervitrola.com.br\/blog\/category\/papo-de-vitrola\/"},"img":{"alt_text":"Passarinho-Azul-Twitter","src":"https:\/\/i0.wp.com\/mulhervitrola.com.br\/blog\/wp-content\/uploads\/2023\/07\/Prancheta-6-scaled.jpg?fit=1200%2C675&ssl=1&resize=350%2C200","width":350,"height":200,"srcset":"https:\/\/i0.wp.com\/mulhervitrola.com.br\/blog\/wp-content\/uploads\/2023\/07\/Prancheta-6-scaled.jpg?fit=1200%2C675&ssl=1&resize=350%2C200 1x, https:\/\/i0.wp.com\/mulhervitrola.com.br\/blog\/wp-content\/uploads\/2023\/07\/Prancheta-6-scaled.jpg?fit=1200%2C675&ssl=1&resize=525%2C300 1.5x, https:\/\/i0.wp.com\/mulhervitrola.com.br\/blog\/wp-content\/uploads\/2023\/07\/Prancheta-6-scaled.jpg?fit=1200%2C675&ssl=1&resize=700%2C400 2x, https:\/\/i0.wp.com\/mulhervitrola.com.br\/blog\/wp-content\/uploads\/2023\/07\/Prancheta-6-scaled.jpg?fit=1200%2C675&ssl=1&resize=1050%2C600 3x"},"classes":[]}],"jetpack_likes_enabled":true,"_links":{"self":[{"href":"https:\/\/mulhervitrola.com.br\/blog\/wp-json\/wp\/v2\/posts\/13836","targetHints":{"allow":["GET"]}}],"collection":[{"href":"https:\/\/mulhervitrola.com.br\/blog\/wp-json\/wp\/v2\/posts"}],"about":[{"href":"https:\/\/mulhervitrola.com.br\/blog\/wp-json\/wp\/v2\/types\/post"}],"author":[{"embeddable":true,"href":"https:\/\/mulhervitrola.com.br\/blog\/wp-json\/wp\/v2\/users\/1"}],"replies":[{"embeddable":true,"href":"https:\/\/mulhervitrola.com.br\/blog\/wp-json\/wp\/v2\/comments?post=13836"}],"version-history":[{"count":4,"href":"https:\/\/mulhervitrola.com.br\/blog\/wp-json\/wp\/v2\/posts\/13836\/revisions"}],"predecessor-version":[{"id":13841,"href":"https:\/\/mulhervitrola.com.br\/blog\/wp-json\/wp\/v2\/posts\/13836\/revisions\/13841"}],"wp:attachment":[{"href":"https:\/\/mulhervitrola.com.br\/blog\/wp-json\/wp\/v2\/media?parent=13836"}],"wp:term":[{"taxonomy":"category","embeddable":true,"href":"https:\/\/mulhervitrola.com.br\/blog\/wp-json\/wp\/v2\/categories?post=13836"},{"taxonomy":"post_tag","embeddable":true,"href":"https:\/\/mulhervitrola.com.br\/blog\/wp-json\/wp\/v2\/tags?post=13836"}],"curies":[{"name":"wp","href":"https:\/\/api.w.org\/{rel}","templated":true}]}}