{"id":2431,"date":"2014-01-07T13:45:57","date_gmt":"2014-01-07T13:45:57","guid":{"rendered":"http:\/\/mulhervitrola.com.br\/?p=2431"},"modified":"2016-04-14T01:38:29","modified_gmt":"2016-04-14T04:38:29","slug":"facebook-nao-e-blog","status":"publish","type":"post","link":"https:\/\/mulhervitrola.com.br\/blog\/facebook-nao-e-blog\/","title":{"rendered":"Porque voc\u00ea deve postar menos no Facebook &#8211; e mais no seu blog"},"content":{"rendered":"<p style=\"text-align: justify;\">Eu dei um grito mental de desespero ao me dar conta que, j\u00e1 estamos no dia 7 de janeiro e eu ainda n\u00e3o havia feito o post de 2014. Nem a retr\u00f4-expectativa saiu (que uma hora, sai), e fiquei com um cadinho de peso na consci\u00eancia. Eu n\u00e3o me cobro para fazer posts no blog, mas sabe&#8230; eu adoro folhear meu pr\u00f3prio blog vez ou outra (vai, sou narciso-blogueira, admito) e ver posts antigos, matar saudades. Ou quando quero, ou preciso, \u00a0mostrar algo para algu\u00e9m, <strong>\u00e9 f\u00e1cil e \u00a0pr\u00e1tico usar a busca e mandar o link<\/strong>, por exemplo. Diferente do <strong>Facebook<\/strong>, que engole postagens ou s\u00f3 \u00e9 poss\u00edvel uma busca ap\u00f3s perder alguns minutos fu\u00e7ando a linha do tempo.<\/p>\n<p>&nbsp;<\/p>\n<p style=\"text-align: justify;\">Ultimamente, percebo que postamos tanto no <strong>Facebook<\/strong>, que s\u00f3 depois nos damos conta que l\u00e1 n\u00e3o d\u00e1 para usar uma busca eficiente, ou que ele \u00e9 algo &#8220;nosso&#8221;. <strong>H\u00e1 algum tempo, eu j\u00e1 havia comentado que sentia falta de fazer posts curtinhos e com mais frequ\u00eancia por aqui, como eu fazia no in\u00edcio do<\/strong> <strong>Mulher Vitrola<\/strong>. E sei bem que n\u00e3o mais os fa\u00e7o pois, confesso: cedi aos encantos e facilidades do <strong>Facebook<\/strong>. Por\u00e9m, nesta fase que ando pensando mais que fazendo, cheguei a conclus\u00e3o que d\u00e1 para deixar todo mundo feliz: posso muito bem fazer ambos. Assim, mantenho aqui no blog um registro meu, e no <strong>Facebook<\/strong>, para quem preferir acessar por l\u00e1. Aqui \u00e9 meu, fa\u00e7o <em>backup<\/em>, carrego para onde eu for. L\u00e1 \u00e9 do tio Marquinho&#8230; vai que ele cansa da gente e resolve deletar tudo? Fazer um Facebookic\u00eddio (ou seria Facehomic\u00eddio?). Lembrando que ainda n\u00e3o existe uma maneira de fazer backup das usas postagens do <strong>Facebook<\/strong>&#8230; vai que, n\u00e9?<\/p>\n<p>&nbsp;<\/p>\n<p style=\"text-align: justify;\">N\u00e3o gosto muito de &#8220;metas&#8221;, mas vamos l\u00e1: este \u00e9 um caso \u00e0 parte. E uma das poucas metas que quero alcan\u00e7ar em 2014 ser\u00e1 tentar manter por aqui a maior quantidade poss\u00edvel de registros da vidinha dessa que vos escreve. N\u00e3o \u00e9 um promessa, mas \u00e9 uma tentativa&#8230; que n\u00e3o custa dar in\u00edcio. Como j\u00e1 dizia <strong>Dorothy<\/strong>, &#8220;<em>n\u00e3o h\u00e1 lugar como nosso lar<\/em>&#8220;, e aqui \u00e9 a minha casinha de pensamentos escritos, que jamais devo abandonar \ud83d\ude42 E a\u00ed, voc\u00ea blogueiro: como lida com isso? Tamb\u00e9m achou que o Facebook roubou um tico a aten\u00e7\u00e3o que voc\u00ea dava ao seu blog?<\/p>\n<p>&nbsp;<\/p>\n<p>Para ler tamb\u00e9m: <em><strong><a href=\"http:\/\/thaisgodinho.com\/cotidiano\/por-que-eu-ainda-nao-sai-do-facebook\/\">Por que eu ainda n\u00e3o sa\u00ed do Facebook<\/a><\/strong><\/em>, por Thais Godinho e <em><strong><a href=\"http:\/\/webinsider.com.br\/2013\/10\/02\/antes-de-abandonar-seu-blog-pelo-facebook-conte-ate-cinco\/\">Antes de abandonar seu blog pelo Facebook, conte at\u00e9 cinco<\/a><\/strong><\/em>, por Denis Zanini.<\/p>\n<p>&nbsp;<\/p>\n<p>&nbsp;<\/p>\n<p><img data-recalc-dims=\"1\" fetchpriority=\"high\" decoding=\"async\" class=\"aligncenter size-full wp-image-2432\" src=\"https:\/\/i0.wp.com\/mulhervitrola.com.br\/wp-content\/uploads\/2014\/01\/ar137952971765859.jpg?resize=500%2C334\" alt=\"ar137952971765859\" width=\"500\" height=\"334\" srcset=\"https:\/\/i0.wp.com\/mulhervitrola.com.br\/blog\/wp-content\/uploads\/2014\/01\/ar137952971765859.jpg?w=500&amp;ssl=1 500w, https:\/\/i0.wp.com\/mulhervitrola.com.br\/blog\/wp-content\/uploads\/2014\/01\/ar137952971765859.jpg?resize=300%2C200&amp;ssl=1 300w, https:\/\/i0.wp.com\/mulhervitrola.com.br\/blog\/wp-content\/uploads\/2014\/01\/ar137952971765859.jpg?resize=150%2C100&amp;ssl=1 150w\" sizes=\"(max-width: 500px) 100vw, 500px\" \/><\/p>\n<p>&nbsp;<\/p>\n","protected":false},"excerpt":{"rendered":"<p>Eu dei um grito mental de desespero ao me dar conta que, j\u00e1 estamos no dia 7 de janeiro e eu ainda n\u00e3o havia feito o post de 2014. Nem a retr\u00f4-expectativa saiu (que uma hora, sai), e fiquei com um cadinho de peso na consci\u00eancia. Eu n\u00e3o me cobro para fazer posts no blog,&#8230;<a class=\"btnReadMore\" href=\"https:\/\/mulhervitrola.com.br\/blog\/facebook-nao-e-blog\/\">Leia mais<i class=\"fa fa-long-arrow-right\"><\/i><\/a><\/p>\n","protected":false},"author":1,"featured_media":0,"comment_status":"open","ping_status":"open","sticky":false,"template":"","format":"standard","meta":{"_uf_show_specific_survey":0,"_uf_disable_surveys":false,"jetpack_post_was_ever_published":false,"_jetpack_newsletter_access":"","_jetpack_dont_email_post_to_subs":false,"_jetpack_newsletter_tier_id":0,"_jetpack_memberships_contains_paywalled_content":false,"_jetpack_memberships_contains_paid_content":false,"footnotes":"","jetpack_publicize_message":"","jetpack_publicize_feature_enabled":true,"jetpack_social_post_already_shared":true,"jetpack_social_options":{"image_generator_settings":{"template":"highway","default_image_id":0,"font":"","enabled":false},"version":2}},"categories":[137],"tags":[],"class_list":["post-2431","post","type-post","status-publish","format-standard","hentry","category-mundo-blogueiro"],"yoast_head":"<!-- This site is optimized with the Yoast SEO plugin v26.7 - https:\/\/yoast.com\/wordpress\/plugins\/seo\/ -->\n<title>Porque voc\u00ea deve postar menos no Facebook - e mais no seu blog | Blog da Mulher Vitrola<\/title>\n<meta name=\"description\" content=\"Blog da ilustradora e gateira Re Vitrola. Veganismo, gatos e muita arte!\" \/>\n<meta name=\"robots\" content=\"index, follow, max-snippet:-1, max-image-preview:large, max-video-preview:-1\" \/>\n<link rel=\"canonical\" href=\"https:\/\/mulhervitrola.com.br\/blog\/facebook-nao-e-blog\/\" \/>\n<meta property=\"og:locale\" content=\"pt_BR\" \/>\n<meta property=\"og:type\" content=\"article\" \/>\n<meta property=\"og:title\" content=\"Porque voc\u00ea deve postar menos no Facebook - e mais no seu blog | Blog da Mulher Vitrola\" \/>\n<meta property=\"og:description\" content=\"Blog da ilustradora e gateira Re Vitrola. Veganismo, gatos e muita arte!\" \/>\n<meta property=\"og:url\" content=\"https:\/\/mulhervitrola.com.br\/blog\/facebook-nao-e-blog\/\" \/>\n<meta property=\"og:site_name\" content=\"Blog da Mulher Vitrola\" \/>\n<meta property=\"article:published_time\" content=\"2014-01-07T13:45:57+00:00\" \/>\n<meta property=\"article:modified_time\" content=\"2016-04-14T04:38:29+00:00\" \/>\n<meta property=\"og:image\" content=\"http:\/\/mulhervitrola.com.br\/wp-content\/uploads\/2014\/01\/ar137952971765859.jpg\" \/>\n<meta name=\"author\" content=\"mulhervitrola\" \/>\n<meta name=\"twitter:card\" content=\"summary_large_image\" \/>\n<meta name=\"twitter:creator\" content=\"@mulhervitrola\" \/>\n<meta name=\"twitter:site\" content=\"@mulhervitrola\" \/>\n<meta name=\"twitter:label1\" content=\"Escrito por\" \/>\n\t<meta name=\"twitter:data1\" content=\"mulhervitrola\" \/>\n\t<meta name=\"twitter:label2\" content=\"Est. tempo de leitura\" \/>\n\t<meta name=\"twitter:data2\" content=\"2 minutos\" \/>\n<script type=\"application\/ld+json\" class=\"yoast-schema-graph\">{\"@context\":\"https:\/\/schema.org\",\"@graph\":[{\"@type\":\"Article\",\"@id\":\"https:\/\/mulhervitrola.com.br\/blog\/facebook-nao-e-blog\/#article\",\"isPartOf\":{\"@id\":\"https:\/\/mulhervitrola.com.br\/blog\/facebook-nao-e-blog\/\"},\"author\":{\"name\":\"mulhervitrola\",\"@id\":\"https:\/\/mulhervitrola.com.br\/blog\/#\/schema\/person\/df88e61e635561444a7aca4ca394ed85\"},\"headline\":\"Porque voc\u00ea deve postar menos no Facebook &#8211; e mais no seu blog\",\"datePublished\":\"2014-01-07T13:45:57+00:00\",\"dateModified\":\"2016-04-14T04:38:29+00:00\",\"mainEntityOfPage\":{\"@id\":\"https:\/\/mulhervitrola.com.br\/blog\/facebook-nao-e-blog\/\"},\"wordCount\":450,\"commentCount\":15,\"publisher\":{\"@id\":\"https:\/\/mulhervitrola.com.br\/blog\/#\/schema\/person\/df88e61e635561444a7aca4ca394ed85\"},\"image\":{\"@id\":\"https:\/\/mulhervitrola.com.br\/blog\/facebook-nao-e-blog\/#primaryimage\"},\"thumbnailUrl\":\"http:\/\/mulhervitrola.com.br\/wp-content\/uploads\/2014\/01\/ar137952971765859.jpg\",\"articleSection\":[\"Mundo Blogueiro\"],\"inLanguage\":\"pt-BR\",\"potentialAction\":[{\"@type\":\"CommentAction\",\"name\":\"Comment\",\"target\":[\"https:\/\/mulhervitrola.com.br\/blog\/facebook-nao-e-blog\/#respond\"]}]},{\"@type\":\"WebPage\",\"@id\":\"https:\/\/mulhervitrola.com.br\/blog\/facebook-nao-e-blog\/\",\"url\":\"https:\/\/mulhervitrola.com.br\/blog\/facebook-nao-e-blog\/\",\"name\":\"Porque voc\u00ea deve postar menos no Facebook - e mais no seu blog | Blog da Mulher Vitrola\",\"isPartOf\":{\"@id\":\"https:\/\/mulhervitrola.com.br\/blog\/#website\"},\"primaryImageOfPage\":{\"@id\":\"https:\/\/mulhervitrola.com.br\/blog\/facebook-nao-e-blog\/#primaryimage\"},\"image\":{\"@id\":\"https:\/\/mulhervitrola.com.br\/blog\/facebook-nao-e-blog\/#primaryimage\"},\"thumbnailUrl\":\"http:\/\/mulhervitrola.com.br\/wp-content\/uploads\/2014\/01\/ar137952971765859.jpg\",\"datePublished\":\"2014-01-07T13:45:57+00:00\",\"dateModified\":\"2016-04-14T04:38:29+00:00\",\"description\":\"Blog da ilustradora e gateira Re Vitrola. Veganismo, gatos e muita arte!\",\"breadcrumb\":{\"@id\":\"https:\/\/mulhervitrola.com.br\/blog\/facebook-nao-e-blog\/#breadcrumb\"},\"inLanguage\":\"pt-BR\",\"potentialAction\":[{\"@type\":\"ReadAction\",\"target\":[\"https:\/\/mulhervitrola.com.br\/blog\/facebook-nao-e-blog\/\"]}]},{\"@type\":\"ImageObject\",\"inLanguage\":\"pt-BR\",\"@id\":\"https:\/\/mulhervitrola.com.br\/blog\/facebook-nao-e-blog\/#primaryimage\",\"url\":\"http:\/\/mulhervitrola.com.br\/wp-content\/uploads\/2014\/01\/ar137952971765859.jpg\",\"contentUrl\":\"http:\/\/mulhervitrola.com.br\/wp-content\/uploads\/2014\/01\/ar137952971765859.jpg\"},{\"@type\":\"BreadcrumbList\",\"@id\":\"https:\/\/mulhervitrola.com.br\/blog\/facebook-nao-e-blog\/#breadcrumb\",\"itemListElement\":[{\"@type\":\"ListItem\",\"position\":1,\"name\":\"In\u00edcio\",\"item\":\"https:\/\/mulhervitrola.com.br\/blog\/\"},{\"@type\":\"ListItem\",\"position\":2,\"name\":\"Porque voc\u00ea deve postar menos no Facebook &#8211; e mais no seu blog\"}]},{\"@type\":\"WebSite\",\"@id\":\"https:\/\/mulhervitrola.com.br\/blog\/#website\",\"url\":\"https:\/\/mulhervitrola.com.br\/blog\/\",\"name\":\"Blog da Mulher Vitrola\",\"description\":\"por Re Montenegro\",\"publisher\":{\"@id\":\"https:\/\/mulhervitrola.com.br\/blog\/#\/schema\/person\/df88e61e635561444a7aca4ca394ed85\"},\"potentialAction\":[{\"@type\":\"SearchAction\",\"target\":{\"@type\":\"EntryPoint\",\"urlTemplate\":\"https:\/\/mulhervitrola.com.br\/blog\/?s={search_term_string}\"},\"query-input\":{\"@type\":\"PropertyValueSpecification\",\"valueRequired\":true,\"valueName\":\"search_term_string\"}}],\"inLanguage\":\"pt-BR\"},{\"@type\":[\"Person\",\"Organization\"],\"@id\":\"https:\/\/mulhervitrola.com.br\/blog\/#\/schema\/person\/df88e61e635561444a7aca4ca394ed85\",\"name\":\"mulhervitrola\",\"image\":{\"@type\":\"ImageObject\",\"inLanguage\":\"pt-BR\",\"@id\":\"https:\/\/mulhervitrola.com.br\/blog\/#\/schema\/person\/image\/\",\"url\":\"https:\/\/i0.wp.com\/mulhervitrola.com.br\/wp-content\/uploads\/2020\/05\/DSC_0200-scaled.jpg?fit=2560%2C1702&ssl=1\",\"contentUrl\":\"https:\/\/i0.wp.com\/mulhervitrola.com.br\/wp-content\/uploads\/2020\/05\/DSC_0200-scaled.jpg?fit=2560%2C1702&ssl=1\",\"width\":2560,\"height\":1702,\"caption\":\"mulhervitrola\"},\"logo\":{\"@id\":\"https:\/\/mulhervitrola.com.br\/blog\/#\/schema\/person\/image\/\"},\"sameAs\":[\"mulhervitrola\"],\"url\":\"https:\/\/mulhervitrola.com.br\/blog\/author\/mulhervitrola\/\"}]}<\/script>\n<!-- \/ Yoast SEO plugin. -->","yoast_head_json":{"title":"Porque voc\u00ea deve postar menos no Facebook - e mais no seu blog | Blog da Mulher Vitrola","description":"Blog da ilustradora e gateira Re Vitrola. Veganismo, gatos e muita arte!","robots":{"index":"index","follow":"follow","max-snippet":"max-snippet:-1","max-image-preview":"max-image-preview:large","max-video-preview":"max-video-preview:-1"},"canonical":"https:\/\/mulhervitrola.com.br\/blog\/facebook-nao-e-blog\/","og_locale":"pt_BR","og_type":"article","og_title":"Porque voc\u00ea deve postar menos no Facebook - e mais no seu blog | Blog da Mulher Vitrola","og_description":"Blog da ilustradora e gateira Re Vitrola. Veganismo, gatos e muita arte!","og_url":"https:\/\/mulhervitrola.com.br\/blog\/facebook-nao-e-blog\/","og_site_name":"Blog da Mulher Vitrola","article_published_time":"2014-01-07T13:45:57+00:00","article_modified_time":"2016-04-14T04:38:29+00:00","og_image":[{"url":"http:\/\/mulhervitrola.com.br\/wp-content\/uploads\/2014\/01\/ar137952971765859.jpg","type":"","width":"","height":""}],"author":"mulhervitrola","twitter_card":"summary_large_image","twitter_creator":"@mulhervitrola","twitter_site":"@mulhervitrola","twitter_misc":{"Escrito por":"mulhervitrola","Est. tempo de leitura":"2 minutos"},"schema":{"@context":"https:\/\/schema.org","@graph":[{"@type":"Article","@id":"https:\/\/mulhervitrola.com.br\/blog\/facebook-nao-e-blog\/#article","isPartOf":{"@id":"https:\/\/mulhervitrola.com.br\/blog\/facebook-nao-e-blog\/"},"author":{"name":"mulhervitrola","@id":"https:\/\/mulhervitrola.com.br\/blog\/#\/schema\/person\/df88e61e635561444a7aca4ca394ed85"},"headline":"Porque voc\u00ea deve postar menos no Facebook &#8211; e mais no seu blog","datePublished":"2014-01-07T13:45:57+00:00","dateModified":"2016-04-14T04:38:29+00:00","mainEntityOfPage":{"@id":"https:\/\/mulhervitrola.com.br\/blog\/facebook-nao-e-blog\/"},"wordCount":450,"commentCount":15,"publisher":{"@id":"https:\/\/mulhervitrola.com.br\/blog\/#\/schema\/person\/df88e61e635561444a7aca4ca394ed85"},"image":{"@id":"https:\/\/mulhervitrola.com.br\/blog\/facebook-nao-e-blog\/#primaryimage"},"thumbnailUrl":"http:\/\/mulhervitrola.com.br\/wp-content\/uploads\/2014\/01\/ar137952971765859.jpg","articleSection":["Mundo Blogueiro"],"inLanguage":"pt-BR","potentialAction":[{"@type":"CommentAction","name":"Comment","target":["https:\/\/mulhervitrola.com.br\/blog\/facebook-nao-e-blog\/#respond"]}]},{"@type":"WebPage","@id":"https:\/\/mulhervitrola.com.br\/blog\/facebook-nao-e-blog\/","url":"https:\/\/mulhervitrola.com.br\/blog\/facebook-nao-e-blog\/","name":"Porque voc\u00ea deve postar menos no Facebook - e mais no seu blog | Blog da Mulher Vitrola","isPartOf":{"@id":"https:\/\/mulhervitrola.com.br\/blog\/#website"},"primaryImageOfPage":{"@id":"https:\/\/mulhervitrola.com.br\/blog\/facebook-nao-e-blog\/#primaryimage"},"image":{"@id":"https:\/\/mulhervitrola.com.br\/blog\/facebook-nao-e-blog\/#primaryimage"},"thumbnailUrl":"http:\/\/mulhervitrola.com.br\/wp-content\/uploads\/2014\/01\/ar137952971765859.jpg","datePublished":"2014-01-07T13:45:57+00:00","dateModified":"2016-04-14T04:38:29+00:00","description":"Blog da ilustradora e gateira Re Vitrola. Veganismo, gatos e muita arte!","breadcrumb":{"@id":"https:\/\/mulhervitrola.com.br\/blog\/facebook-nao-e-blog\/#breadcrumb"},"inLanguage":"pt-BR","potentialAction":[{"@type":"ReadAction","target":["https:\/\/mulhervitrola.com.br\/blog\/facebook-nao-e-blog\/"]}]},{"@type":"ImageObject","inLanguage":"pt-BR","@id":"https:\/\/mulhervitrola.com.br\/blog\/facebook-nao-e-blog\/#primaryimage","url":"http:\/\/mulhervitrola.com.br\/wp-content\/uploads\/2014\/01\/ar137952971765859.jpg","contentUrl":"http:\/\/mulhervitrola.com.br\/wp-content\/uploads\/2014\/01\/ar137952971765859.jpg"},{"@type":"BreadcrumbList","@id":"https:\/\/mulhervitrola.com.br\/blog\/facebook-nao-e-blog\/#breadcrumb","itemListElement":[{"@type":"ListItem","position":1,"name":"In\u00edcio","item":"https:\/\/mulhervitrola.com.br\/blog\/"},{"@type":"ListItem","position":2,"name":"Porque voc\u00ea deve postar menos no Facebook &#8211; e mais no seu blog"}]},{"@type":"WebSite","@id":"https:\/\/mulhervitrola.com.br\/blog\/#website","url":"https:\/\/mulhervitrola.com.br\/blog\/","name":"Blog da Mulher Vitrola","description":"por Re Montenegro","publisher":{"@id":"https:\/\/mulhervitrola.com.br\/blog\/#\/schema\/person\/df88e61e635561444a7aca4ca394ed85"},"potentialAction":[{"@type":"SearchAction","target":{"@type":"EntryPoint","urlTemplate":"https:\/\/mulhervitrola.com.br\/blog\/?s={search_term_string}"},"query-input":{"@type":"PropertyValueSpecification","valueRequired":true,"valueName":"search_term_string"}}],"inLanguage":"pt-BR"},{"@type":["Person","Organization"],"@id":"https:\/\/mulhervitrola.com.br\/blog\/#\/schema\/person\/df88e61e635561444a7aca4ca394ed85","name":"mulhervitrola","image":{"@type":"ImageObject","inLanguage":"pt-BR","@id":"https:\/\/mulhervitrola.com.br\/blog\/#\/schema\/person\/image\/","url":"https:\/\/i0.wp.com\/mulhervitrola.com.br\/wp-content\/uploads\/2020\/05\/DSC_0200-scaled.jpg?fit=2560%2C1702&ssl=1","contentUrl":"https:\/\/i0.wp.com\/mulhervitrola.com.br\/wp-content\/uploads\/2020\/05\/DSC_0200-scaled.jpg?fit=2560%2C1702&ssl=1","width":2560,"height":1702,"caption":"mulhervitrola"},"logo":{"@id":"https:\/\/mulhervitrola.com.br\/blog\/#\/schema\/person\/image\/"},"sameAs":["mulhervitrola"],"url":"https:\/\/mulhervitrola.com.br\/blog\/author\/mulhervitrola\/"}]}},"jetpack_publicize_connections":[],"jetpack_featured_media_url":"","jetpack_sharing_enabled":true,"jetpack_shortlink":"https:\/\/wp.me\/p3GuHo-Dd","jetpack-related-posts":[{"id":16885,"url":"https:\/\/mulhervitrola.com.br\/blog\/a-influencer-preguicosa-que-habita-em-mim\/","url_meta":{"origin":2431,"position":0},"title":"A &#8220;influencer&#8221; pregui\u00e7osa que habita em mim","author":"mulhervitrola","date":"24 de maio de 2023","format":false,"excerpt":"Em tempos de tanta t\u00e1tica de conte\u00fado para alcan\u00e7ar multid\u00f5es, ainda existe gente que n\u00e3o se encaixa em nenhuma delas - mas tamb\u00e9m quer ser notado \"Em meados de 2004, eu criei meu primeiro blog. Naquela \u00e9poca, eu perdi umas boas horas tentando descobrir como tudo funcionava, pois tamb\u00e9m era\u2026","rel":"","context":"Em &quot;Papo de Vitrola&quot;","block_context":{"text":"Papo de Vitrola","link":"https:\/\/mulhervitrola.com.br\/blog\/category\/papo-de-vitrola\/"},"img":{"alt_text":"","src":"https:\/\/i0.wp.com\/mulhervitrola.com.br\/blog\/wp-content\/uploads\/2023\/05\/acervo-revitrolamontenegro.jpg?fit=1200%2C675&ssl=1&resize=350%2C200","width":350,"height":200,"srcset":"https:\/\/i0.wp.com\/mulhervitrola.com.br\/blog\/wp-content\/uploads\/2023\/05\/acervo-revitrolamontenegro.jpg?fit=1200%2C675&ssl=1&resize=350%2C200 1x, https:\/\/i0.wp.com\/mulhervitrola.com.br\/blog\/wp-content\/uploads\/2023\/05\/acervo-revitrolamontenegro.jpg?fit=1200%2C675&ssl=1&resize=525%2C300 1.5x, https:\/\/i0.wp.com\/mulhervitrola.com.br\/blog\/wp-content\/uploads\/2023\/05\/acervo-revitrolamontenegro.jpg?fit=1200%2C675&ssl=1&resize=700%2C400 2x, https:\/\/i0.wp.com\/mulhervitrola.com.br\/blog\/wp-content\/uploads\/2023\/05\/acervo-revitrolamontenegro.jpg?fit=1200%2C675&ssl=1&resize=1050%2C600 3x"},"classes":[]},{"id":29,"url":"https:\/\/mulhervitrola.com.br\/blog\/donas-de-casa-e-o-feminismo\/","url_meta":{"origin":2431,"position":1},"title":"Donas de casa e o feminismo","author":"mulhervitrola","date":"9 de janeiro de 2013","format":false,"excerpt":"\u00a0 \u00a0 H\u00e1 um tempo atr\u00e1s, no Facebook, eu havia feito um post que rendeu muitos coment\u00e1rios. Alguns deles foram posteriormente apagados, mas levantaram um quest\u00e3o que achei de muita import\u00e2ncia: \u00c9 poss\u00edvel ser \"dona-de-casa\" e feminista?\u00a0E quase t\u00e3o r\u00e1pido quanto \u00e0 minha d\u00favida, encontrei um \u00f3timo post -\u00a0em ingl\u00eas\u2026","rel":"","context":"Em &quot;Cena Feminina&quot;","block_context":{"text":"Cena Feminina","link":"https:\/\/mulhervitrola.com.br\/blog\/category\/cena-feminina\/"},"img":{"alt_text":"","src":"https:\/\/i0.wp.com\/mulhervitrola.com.br\/blog\/wp-content\/uploads\/2013\/01\/feminista1.jpg?fit=408%2C408&ssl=1&resize=350%2C200","width":350,"height":200},"classes":[]},{"id":13304,"url":"https:\/\/mulhervitrola.com.br\/blog\/voce-e-seu-medo-de-criar-coisas\/","url_meta":{"origin":2431,"position":2},"title":"Voc\u00ea e seu medo de criar coisas","author":"mulhervitrola","date":"26 de mar\u00e7o de 2020","format":false,"excerpt":"O problema da vida adulta \u00e9 esse nosso medo de coisas muito bobas. E de passar vergonha, mesmo j\u00e1 passando todos os dias.","rel":"","context":"Em &quot;Papo de Artista&quot;","block_context":{"text":"Papo de Artista","link":"https:\/\/mulhervitrola.com.br\/blog\/category\/papodeartista\/"},"img":{"alt_text":"","src":"https:\/\/i0.wp.com\/mulhervitrola.com.br\/blog\/wp-content\/uploads\/2020\/03\/SAM_1948-1.jpg?fit=1200%2C675&ssl=1&resize=350%2C200","width":350,"height":200,"srcset":"https:\/\/i0.wp.com\/mulhervitrola.com.br\/blog\/wp-content\/uploads\/2020\/03\/SAM_1948-1.jpg?fit=1200%2C675&ssl=1&resize=350%2C200 1x, https:\/\/i0.wp.com\/mulhervitrola.com.br\/blog\/wp-content\/uploads\/2020\/03\/SAM_1948-1.jpg?fit=1200%2C675&ssl=1&resize=525%2C300 1.5x, https:\/\/i0.wp.com\/mulhervitrola.com.br\/blog\/wp-content\/uploads\/2020\/03\/SAM_1948-1.jpg?fit=1200%2C675&ssl=1&resize=700%2C400 2x, https:\/\/i0.wp.com\/mulhervitrola.com.br\/blog\/wp-content\/uploads\/2020\/03\/SAM_1948-1.jpg?fit=1200%2C675&ssl=1&resize=1050%2C600 3x"},"classes":[]},{"id":17624,"url":"https:\/\/mulhervitrola.com.br\/blog\/top-5-streaming-para-cinefilos-minhas-indicacoes\/","url_meta":{"origin":2431,"position":3},"title":"Top 5 Streaming para Cin\u00e9filos: Minhas Indica\u00e7\u00f5es","author":"mulhervitrola","date":"4 de maio de 2025","format":false,"excerpt":"se voc\u00ea me perguntar qual o final do meu filme favorito do Ingmar Bergman, provavelmente n\u00e3o vou saber te dizer. mas, com certeza, tenho na agulha no m\u00ednimo 10 filmes para te indicar. gosto muito de passar meu tempo assistindo filmes ou s\u00e9ries, ent\u00e3o servi\u00e7os de streaming me pegam de\u2026","rel":"","context":"Em &quot;Cinema&quot;","block_context":{"text":"Cinema","link":"https:\/\/mulhervitrola.com.br\/blog\/category\/cinema\/"},"img":{"alt_text":"woman in yellow long sleeve shirt watching tv and eatinghi","src":"https:\/\/i0.wp.com\/mulhervitrola.com.br\/blog\/wp-content\/uploads\/2025\/05\/pexels-photo-6977372.jpeg?fit=1200%2C800&ssl=1&resize=350%2C200","width":350,"height":200,"srcset":"https:\/\/i0.wp.com\/mulhervitrola.com.br\/blog\/wp-content\/uploads\/2025\/05\/pexels-photo-6977372.jpeg?fit=1200%2C800&ssl=1&resize=350%2C200 1x, https:\/\/i0.wp.com\/mulhervitrola.com.br\/blog\/wp-content\/uploads\/2025\/05\/pexels-photo-6977372.jpeg?fit=1200%2C800&ssl=1&resize=525%2C300 1.5x, https:\/\/i0.wp.com\/mulhervitrola.com.br\/blog\/wp-content\/uploads\/2025\/05\/pexels-photo-6977372.jpeg?fit=1200%2C800&ssl=1&resize=700%2C400 2x, https:\/\/i0.wp.com\/mulhervitrola.com.br\/blog\/wp-content\/uploads\/2025\/05\/pexels-photo-6977372.jpeg?fit=1200%2C800&ssl=1&resize=1050%2C600 3x"},"classes":[]},{"id":1633,"url":"https:\/\/mulhervitrola.com.br\/blog\/como-pintar-cabelo-duas-cores\/","url_meta":{"origin":2431,"position":4},"title":"Tutorial: como pintar o cabelo de duas cores","author":"mulhervitrola","date":"16 de julho de 2013","format":false,"excerpt":"J\u00e1 fazia um bom tempo que eu estava planejando fazer uma mudan\u00e7a nos cabelos. Inicialmente, at\u00e9 cogitei desistir do ruivo. Depois de muito pensar, cheguei \u00e0 conclus\u00e3o que n\u00e3o era desistir do ruivo que eu queria, e sim personaliz\u00e1-lo, dar um toque de \"eu\" \u00e0 cabeleira. Era disso que eu\u2026","rel":"","context":"Em &quot;Belezinha&quot;","block_context":{"text":"Belezinha","link":"https:\/\/mulhervitrola.com.br\/blog\/category\/belezinha\/"},"img":{"alt_text":"","src":"https:\/\/i0.wp.com\/mulhervitrola.com.br\/blog\/wp-content\/uploads\/2013\/07\/cabelo-corte-vermelho-preto-duas-cores-ruivo.jpg?fit=800%2C533&ssl=1&resize=350%2C200","width":350,"height":200,"srcset":"https:\/\/i0.wp.com\/mulhervitrola.com.br\/blog\/wp-content\/uploads\/2013\/07\/cabelo-corte-vermelho-preto-duas-cores-ruivo.jpg?fit=800%2C533&ssl=1&resize=350%2C200 1x, https:\/\/i0.wp.com\/mulhervitrola.com.br\/blog\/wp-content\/uploads\/2013\/07\/cabelo-corte-vermelho-preto-duas-cores-ruivo.jpg?fit=800%2C533&ssl=1&resize=525%2C300 1.5x, https:\/\/i0.wp.com\/mulhervitrola.com.br\/blog\/wp-content\/uploads\/2013\/07\/cabelo-corte-vermelho-preto-duas-cores-ruivo.jpg?fit=800%2C533&ssl=1&resize=700%2C400 2x"},"classes":[]},{"id":8865,"url":"https:\/\/mulhervitrola.com.br\/blog\/seja-um-artista-mas-nao-tenha-pressa\/","url_meta":{"origin":2431,"position":5},"title":"Seja um artista, mas n\u00e3o tenha pressa","author":"mulhervitrola","date":"24 de novembro de 2018","format":false,"excerpt":"Como ser um artista produtivo, criativo e manter a calma num mundo onde tudo acontece ao mesmo tempo e agora? Enquanto eu finalizava a ilustra\u00e7\u00e3o que ilustra este post, soltei uma gargalhada. Geralmente, levo umas horas pra terminar uma ilustra feita para mim. Essa do post, levei 3 dias.\u00a0 Mas\u2026","rel":"","context":"Em &quot;Ilustrac\u00f5es&quot;","block_context":{"text":"Ilustrac\u00f5es","link":"https:\/\/mulhervitrola.com.br\/blog\/category\/ilustracoes\/"},"img":{"alt_text":"","src":"https:\/\/i0.wp.com\/mulhervitrola.com.br\/blog\/wp-content\/uploads\/2018\/11\/colorido3.jpg?fit=900%2C1200&ssl=1&resize=350%2C200","width":350,"height":200,"srcset":"https:\/\/i0.wp.com\/mulhervitrola.com.br\/blog\/wp-content\/uploads\/2018\/11\/colorido3.jpg?fit=900%2C1200&ssl=1&resize=350%2C200 1x, https:\/\/i0.wp.com\/mulhervitrola.com.br\/blog\/wp-content\/uploads\/2018\/11\/colorido3.jpg?fit=900%2C1200&ssl=1&resize=525%2C300 1.5x, https:\/\/i0.wp.com\/mulhervitrola.com.br\/blog\/wp-content\/uploads\/2018\/11\/colorido3.jpg?fit=900%2C1200&ssl=1&resize=700%2C400 2x"},"classes":[]}],"jetpack_likes_enabled":true,"_links":{"self":[{"href":"https:\/\/mulhervitrola.com.br\/blog\/wp-json\/wp\/v2\/posts\/2431","targetHints":{"allow":["GET"]}}],"collection":[{"href":"https:\/\/mulhervitrola.com.br\/blog\/wp-json\/wp\/v2\/posts"}],"about":[{"href":"https:\/\/mulhervitrola.com.br\/blog\/wp-json\/wp\/v2\/types\/post"}],"author":[{"embeddable":true,"href":"https:\/\/mulhervitrola.com.br\/blog\/wp-json\/wp\/v2\/users\/1"}],"replies":[{"embeddable":true,"href":"https:\/\/mulhervitrola.com.br\/blog\/wp-json\/wp\/v2\/comments?post=2431"}],"version-history":[{"count":5,"href":"https:\/\/mulhervitrola.com.br\/blog\/wp-json\/wp\/v2\/posts\/2431\/revisions"}],"predecessor-version":[{"id":7821,"href":"https:\/\/mulhervitrola.com.br\/blog\/wp-json\/wp\/v2\/posts\/2431\/revisions\/7821"}],"wp:attachment":[{"href":"https:\/\/mulhervitrola.com.br\/blog\/wp-json\/wp\/v2\/media?parent=2431"}],"wp:term":[{"taxonomy":"category","embeddable":true,"href":"https:\/\/mulhervitrola.com.br\/blog\/wp-json\/wp\/v2\/categories?post=2431"},{"taxonomy":"post_tag","embeddable":true,"href":"https:\/\/mulhervitrola.com.br\/blog\/wp-json\/wp\/v2\/tags?post=2431"}],"curies":[{"name":"wp","href":"https:\/\/api.w.org\/{rel}","templated":true}]}}