{"id":9525,"date":"2019-05-11T13:10:35","date_gmt":"2019-05-11T16:10:35","guid":{"rendered":"http:\/\/mulhervitrola.com.br\/?p=9525"},"modified":"2019-05-11T13:10:42","modified_gmt":"2019-05-11T16:10:42","slug":"esqueci-o-nome-do-filme-que-marcou-minha-vida","status":"publish","type":"post","link":"https:\/\/mulhervitrola.com.br\/blog\/esqueci-o-nome-do-filme-que-marcou-minha-vida\/","title":{"rendered":"Esqueci o nome do filme que marcou minha vida"},"content":{"rendered":"\n<h4 class=\"wp-block-heading\">Como muitas outras coisas que esque\u00e7o na vida, exceto as in\u00fateis<\/h4>\n\n\n\n<p>Quando eu era adolescente &#8211; por volta de 1999 -, meu irm\u00e3o tinha uma locadora de VHS, aquelas cl\u00e1ssicas que al\u00e9m dos filmes, tinha TVs pra jogar playstation pagando pela hora e salgadinho <em>elma chips<\/em> com <em>tazo<\/em>.<\/p>\n\n\n\n<p>O dono de uma outra locadora local vendeu v\u00e1rias VHS para meu irm\u00e3o &#8220;encher&#8221; a locadora, e meu irm\u00e3o, j\u00e1 ciente de minha cinefilia juvenil, me deu uma fun\u00e7\u00e3o honor\u00e1ria: assistir a TODOS os VHS (eram cerca de 200) para ver se n\u00e3o tinha nenhum &#8220;mastigado&#8221; na fita, que causava danos na apresenta\u00e7\u00e3o do v\u00eddeo.<\/p>\n\n\n\n<figure class=\"wp-block-image\"><img fetchpriority=\"high\" decoding=\"async\" width=\"850\" height=\"488\" src=\"https:\/\/i2.wp.com\/mulhervitrola.com.br\/wp-content\/uploads\/2019\/05\/4-vhs-trailer.jpg?fit=620%2C356\" alt=\"\" class=\"wp-image-9527\" srcset=\"https:\/\/i0.wp.com\/mulhervitrola.com.br\/blog\/wp-content\/uploads\/2019\/05\/4-vhs-trailer.jpg?w=850&amp;ssl=1 850w, https:\/\/i0.wp.com\/mulhervitrola.com.br\/blog\/wp-content\/uploads\/2019\/05\/4-vhs-trailer.jpg?resize=300%2C172&amp;ssl=1 300w, https:\/\/i0.wp.com\/mulhervitrola.com.br\/blog\/wp-content\/uploads\/2019\/05\/4-vhs-trailer.jpg?resize=768%2C441&amp;ssl=1 768w, https:\/\/i0.wp.com\/mulhervitrola.com.br\/blog\/wp-content\/uploads\/2019\/05\/4-vhs-trailer.jpg?resize=620%2C356&amp;ssl=1 620w\" sizes=\"(max-width: 850px) 100vw, 850px\" \/><figcaption>um VHS com defeito na fita aparecia assim na TV<\/figcaption><\/figure>\n\n\n\n<p>No meio dessa infinidade de filmes, assisti muita coisa boa, muita coisa ruim, e uma outra categoria que eu encaixei em <strong>&#8220;talvez eu nunca mais apague isso da minha cabe\u00e7a&#8221;<\/strong>. <\/p>\n\n\n\n<p>Nesta terceira categoria, assisti a um filme que j\u00e1 at\u00e9 cogitei ser um sonho. Mesmo perguntando pra todas as pessoas do universo e todos me olharem com cara de incredulidade, indiferen\u00e7a e at\u00e9 pena, e embora eu tenha uma imagina\u00e7\u00e3o muito f\u00e9rtil, n\u00e3o me sinto na capacidade de criar um roteiro <strong>t\u00e3o<\/strong> audacioso. <strong>Eu assisti a essa obra prima da s\u00e9tima arte, caro leitor.<\/strong><\/p>\n\n\n\n<p>Numa pegada bem <em>frankensteniana<\/em>, o filme tratava-se de um cientista que resolveu unir partes de v\u00e1rias pessoas &#8211; em boa parte no sentido literal mesmo, transgressores sociais &#8211; e transformar num \u00fanico ser que vou chamar de Mateus. <\/p>\n\n\n\n<p>Tamb\u00e9m conhecido como &#8220;ideia de girico&#8221;, j\u00e1 carregava a obviedade de que isso n\u00e3o era l\u00e1 a melhor ideia cient\u00edfica: Mateus come\u00e7ou a ter lembran\u00e7as do passado de cada parte costurada do seu corpo e sofrer consequ\u00eancias mentais disso. Uma d\u00f3, gente.<\/p>\n\n\n\n<p>De qualquer modo, achei aquilo t\u00e3o incr\u00edvel, pois era um filme bem mal feito, o cen\u00e1rio num infinito branco e as partes do corpo do Mateus por vezes lembrava o clipe de <strong>Gotye<\/strong> (e se bem-mal me lembro, o <em>frankenstein<\/em> plagiado tinha cabelos longos tamb\u00e9m). <\/p>\n\n\n\n<p>Achei incr\u00edvel pois a hist\u00f3ria era HORRIVELMENTE clich\u00ea, o filme tinha uma produ\u00e7\u00e3o toda perfeita pra dar errado, mas mesmo assim ele EXISTIA e eu fiquei &#8220;uau, e n\u00e3o \u00e9 que d\u00e1 mesmo pra colocar qualquer coisa nesse mundo, algu\u00e9m vai assistir e <strong>pode at\u00e9<\/strong> achar legal?&#8221; <\/p>\n\n\n\n<p>e fazer um post num blog em 2019 sobre ele.<\/p>\n\n\n\n<p>mas eu esqueci. esqueci o nome do filme que marcou a minha vida.<\/p>\n\n\n\n<figure class=\"wp-block-image\"><img decoding=\"async\" width=\"640\" height=\"360\" src=\"https:\/\/i2.wp.com\/mulhervitrola.com.br\/wp-content\/uploads\/2019\/05\/120420033549-cnn-music-gotye-00005309-story-top.jpg?fit=620%2C349\" alt=\"\" class=\"wp-image-9526\" srcset=\"https:\/\/i0.wp.com\/mulhervitrola.com.br\/blog\/wp-content\/uploads\/2019\/05\/120420033549-cnn-music-gotye-00005309-story-top.jpg?w=640&amp;ssl=1 640w, https:\/\/i0.wp.com\/mulhervitrola.com.br\/blog\/wp-content\/uploads\/2019\/05\/120420033549-cnn-music-gotye-00005309-story-top.jpg?resize=300%2C169&amp;ssl=1 300w, https:\/\/i0.wp.com\/mulhervitrola.com.br\/blog\/wp-content\/uploads\/2019\/05\/120420033549-cnn-music-gotye-00005309-story-top.jpg?resize=620%2C349&amp;ssl=1 620w, https:\/\/i0.wp.com\/mulhervitrola.com.br\/blog\/wp-content\/uploads\/2019\/05\/120420033549-cnn-music-gotye-00005309-story-top.jpg?resize=528%2C297&amp;ssl=1 528w\" sizes=\"(max-width: 640px) 100vw, 640px\" \/><figcaption>ser\u00e1 que o Gotye j\u00e1 viu esse filme? fica a d\u00favida.<\/figcaption><\/figure>\n","protected":false},"excerpt":{"rendered":"<p>Como muitas outras coisas que esque\u00e7o na vida, exceto as in\u00fateis Quando eu era adolescente &#8211; por volta de 1999 -, meu irm\u00e3o tinha uma locadora de VHS, aquelas cl\u00e1ssicas que al\u00e9m dos filmes, tinha TVs pra jogar playstation pagando pela hora e salgadinho elma chips com tazo. O dono de uma outra locadora local&#8230;<a class=\"btnReadMore\" href=\"https:\/\/mulhervitrola.com.br\/blog\/esqueci-o-nome-do-filme-que-marcou-minha-vida\/\">Leia mais<i class=\"fa fa-long-arrow-right\"><\/i><\/a><\/p>\n","protected":false},"author":1,"featured_media":9527,"comment_status":"open","ping_status":"open","sticky":false,"template":"","format":"standard","meta":{"_uf_show_specific_survey":0,"_uf_disable_surveys":false,"jetpack_post_was_ever_published":false,"_jetpack_newsletter_access":"","_jetpack_dont_email_post_to_subs":false,"_jetpack_newsletter_tier_id":0,"_jetpack_memberships_contains_paywalled_content":false,"_jetpack_memberships_contains_paid_content":false,"footnotes":"","jetpack_publicize_message":"","jetpack_publicize_feature_enabled":true,"jetpack_social_post_already_shared":true,"jetpack_social_options":{"image_generator_settings":{"template":"highway","default_image_id":0,"font":"","enabled":false},"version":2}},"categories":[38,122],"tags":[],"class_list":["post-9525","post","type-post","status-publish","format-standard","has-post-thumbnail","hentry","category-cinema","category-papo-de-vitrola"],"yoast_head":"<!-- This site is optimized with the Yoast SEO plugin v26.7 - https:\/\/yoast.com\/wordpress\/plugins\/seo\/ -->\n<title>Esqueci o nome do filme que marcou minha vida | Blog da Mulher Vitrola<\/title>\n<meta name=\"description\" content=\"Blog da ilustradora e gateira Re Vitrola. Veganismo, gatos e muita arte!\" \/>\n<meta name=\"robots\" content=\"index, follow, max-snippet:-1, max-image-preview:large, max-video-preview:-1\" \/>\n<link rel=\"canonical\" href=\"https:\/\/mulhervitrola.com.br\/blog\/esqueci-o-nome-do-filme-que-marcou-minha-vida\/\" \/>\n<meta property=\"og:locale\" content=\"pt_BR\" \/>\n<meta property=\"og:type\" content=\"article\" \/>\n<meta property=\"og:title\" content=\"Esqueci o nome do filme que marcou minha vida | Blog da Mulher Vitrola\" \/>\n<meta property=\"og:description\" content=\"Blog da ilustradora e gateira Re Vitrola. Veganismo, gatos e muita arte!\" \/>\n<meta property=\"og:url\" content=\"https:\/\/mulhervitrola.com.br\/blog\/esqueci-o-nome-do-filme-que-marcou-minha-vida\/\" \/>\n<meta property=\"og:site_name\" content=\"Blog da Mulher Vitrola\" \/>\n<meta property=\"article:published_time\" content=\"2019-05-11T16:10:35+00:00\" \/>\n<meta property=\"article:modified_time\" content=\"2019-05-11T16:10:42+00:00\" \/>\n<meta property=\"og:image\" content=\"https:\/\/i0.wp.com\/mulhervitrola.com.br\/blog\/wp-content\/uploads\/2019\/05\/4-vhs-trailer.jpg?fit=850%2C488&ssl=1\" \/>\n\t<meta property=\"og:image:width\" content=\"850\" \/>\n\t<meta property=\"og:image:height\" content=\"488\" \/>\n\t<meta property=\"og:image:type\" content=\"image\/jpeg\" \/>\n<meta name=\"author\" content=\"mulhervitrola\" \/>\n<meta name=\"twitter:card\" content=\"summary_large_image\" \/>\n<meta name=\"twitter:creator\" content=\"@mulhervitrola\" \/>\n<meta name=\"twitter:site\" content=\"@mulhervitrola\" \/>\n<meta name=\"twitter:label1\" content=\"Escrito por\" \/>\n\t<meta name=\"twitter:data1\" content=\"mulhervitrola\" \/>\n\t<meta name=\"twitter:label2\" content=\"Est. tempo de leitura\" \/>\n\t<meta name=\"twitter:data2\" content=\"2 minutos\" \/>\n<script type=\"application\/ld+json\" class=\"yoast-schema-graph\">{\"@context\":\"https:\/\/schema.org\",\"@graph\":[{\"@type\":\"Article\",\"@id\":\"https:\/\/mulhervitrola.com.br\/blog\/esqueci-o-nome-do-filme-que-marcou-minha-vida\/#article\",\"isPartOf\":{\"@id\":\"https:\/\/mulhervitrola.com.br\/blog\/esqueci-o-nome-do-filme-que-marcou-minha-vida\/\"},\"author\":{\"name\":\"mulhervitrola\",\"@id\":\"https:\/\/mulhervitrola.com.br\/blog\/#\/schema\/person\/df88e61e635561444a7aca4ca394ed85\"},\"headline\":\"Esqueci o nome do filme que marcou minha vida\",\"datePublished\":\"2019-05-11T16:10:35+00:00\",\"dateModified\":\"2019-05-11T16:10:42+00:00\",\"mainEntityOfPage\":{\"@id\":\"https:\/\/mulhervitrola.com.br\/blog\/esqueci-o-nome-do-filme-que-marcou-minha-vida\/\"},\"wordCount\":455,\"commentCount\":6,\"publisher\":{\"@id\":\"https:\/\/mulhervitrola.com.br\/blog\/#\/schema\/person\/df88e61e635561444a7aca4ca394ed85\"},\"image\":{\"@id\":\"https:\/\/mulhervitrola.com.br\/blog\/esqueci-o-nome-do-filme-que-marcou-minha-vida\/#primaryimage\"},\"thumbnailUrl\":\"https:\/\/i0.wp.com\/mulhervitrola.com.br\/blog\/wp-content\/uploads\/2019\/05\/4-vhs-trailer.jpg?fit=850%2C488&ssl=1\",\"articleSection\":[\"Cinema\",\"Papo de Vitrola\"],\"inLanguage\":\"pt-BR\",\"potentialAction\":[{\"@type\":\"CommentAction\",\"name\":\"Comment\",\"target\":[\"https:\/\/mulhervitrola.com.br\/blog\/esqueci-o-nome-do-filme-que-marcou-minha-vida\/#respond\"]}]},{\"@type\":\"WebPage\",\"@id\":\"https:\/\/mulhervitrola.com.br\/blog\/esqueci-o-nome-do-filme-que-marcou-minha-vida\/\",\"url\":\"https:\/\/mulhervitrola.com.br\/blog\/esqueci-o-nome-do-filme-que-marcou-minha-vida\/\",\"name\":\"Esqueci o nome do filme que marcou minha vida | Blog da Mulher Vitrola\",\"isPartOf\":{\"@id\":\"https:\/\/mulhervitrola.com.br\/blog\/#website\"},\"primaryImageOfPage\":{\"@id\":\"https:\/\/mulhervitrola.com.br\/blog\/esqueci-o-nome-do-filme-que-marcou-minha-vida\/#primaryimage\"},\"image\":{\"@id\":\"https:\/\/mulhervitrola.com.br\/blog\/esqueci-o-nome-do-filme-que-marcou-minha-vida\/#primaryimage\"},\"thumbnailUrl\":\"https:\/\/i0.wp.com\/mulhervitrola.com.br\/blog\/wp-content\/uploads\/2019\/05\/4-vhs-trailer.jpg?fit=850%2C488&ssl=1\",\"datePublished\":\"2019-05-11T16:10:35+00:00\",\"dateModified\":\"2019-05-11T16:10:42+00:00\",\"description\":\"Blog da ilustradora e gateira Re Vitrola. Veganismo, gatos e muita arte!\",\"breadcrumb\":{\"@id\":\"https:\/\/mulhervitrola.com.br\/blog\/esqueci-o-nome-do-filme-que-marcou-minha-vida\/#breadcrumb\"},\"inLanguage\":\"pt-BR\",\"potentialAction\":[{\"@type\":\"ReadAction\",\"target\":[\"https:\/\/mulhervitrola.com.br\/blog\/esqueci-o-nome-do-filme-que-marcou-minha-vida\/\"]}]},{\"@type\":\"ImageObject\",\"inLanguage\":\"pt-BR\",\"@id\":\"https:\/\/mulhervitrola.com.br\/blog\/esqueci-o-nome-do-filme-que-marcou-minha-vida\/#primaryimage\",\"url\":\"https:\/\/i0.wp.com\/mulhervitrola.com.br\/blog\/wp-content\/uploads\/2019\/05\/4-vhs-trailer.jpg?fit=850%2C488&ssl=1\",\"contentUrl\":\"https:\/\/i0.wp.com\/mulhervitrola.com.br\/blog\/wp-content\/uploads\/2019\/05\/4-vhs-trailer.jpg?fit=850%2C488&ssl=1\",\"width\":850,\"height\":488},{\"@type\":\"BreadcrumbList\",\"@id\":\"https:\/\/mulhervitrola.com.br\/blog\/esqueci-o-nome-do-filme-que-marcou-minha-vida\/#breadcrumb\",\"itemListElement\":[{\"@type\":\"ListItem\",\"position\":1,\"name\":\"In\u00edcio\",\"item\":\"https:\/\/mulhervitrola.com.br\/blog\/\"},{\"@type\":\"ListItem\",\"position\":2,\"name\":\"Esqueci o nome do filme que marcou minha vida\"}]},{\"@type\":\"WebSite\",\"@id\":\"https:\/\/mulhervitrola.com.br\/blog\/#website\",\"url\":\"https:\/\/mulhervitrola.com.br\/blog\/\",\"name\":\"Blog da Mulher Vitrola\",\"description\":\"por Re Montenegro\",\"publisher\":{\"@id\":\"https:\/\/mulhervitrola.com.br\/blog\/#\/schema\/person\/df88e61e635561444a7aca4ca394ed85\"},\"potentialAction\":[{\"@type\":\"SearchAction\",\"target\":{\"@type\":\"EntryPoint\",\"urlTemplate\":\"https:\/\/mulhervitrola.com.br\/blog\/?s={search_term_string}\"},\"query-input\":{\"@type\":\"PropertyValueSpecification\",\"valueRequired\":true,\"valueName\":\"search_term_string\"}}],\"inLanguage\":\"pt-BR\"},{\"@type\":[\"Person\",\"Organization\"],\"@id\":\"https:\/\/mulhervitrola.com.br\/blog\/#\/schema\/person\/df88e61e635561444a7aca4ca394ed85\",\"name\":\"mulhervitrola\",\"image\":{\"@type\":\"ImageObject\",\"inLanguage\":\"pt-BR\",\"@id\":\"https:\/\/mulhervitrola.com.br\/blog\/#\/schema\/person\/image\/\",\"url\":\"https:\/\/i0.wp.com\/mulhervitrola.com.br\/wp-content\/uploads\/2020\/05\/DSC_0200-scaled.jpg?fit=2560%2C1702&ssl=1\",\"contentUrl\":\"https:\/\/i0.wp.com\/mulhervitrola.com.br\/wp-content\/uploads\/2020\/05\/DSC_0200-scaled.jpg?fit=2560%2C1702&ssl=1\",\"width\":2560,\"height\":1702,\"caption\":\"mulhervitrola\"},\"logo\":{\"@id\":\"https:\/\/mulhervitrola.com.br\/blog\/#\/schema\/person\/image\/\"},\"sameAs\":[\"mulhervitrola\"],\"url\":\"https:\/\/mulhervitrola.com.br\/blog\/author\/mulhervitrola\/\"}]}<\/script>\n<!-- \/ Yoast SEO plugin. -->","yoast_head_json":{"title":"Esqueci o nome do filme que marcou minha vida | Blog da Mulher Vitrola","description":"Blog da ilustradora e gateira Re Vitrola. Veganismo, gatos e muita arte!","robots":{"index":"index","follow":"follow","max-snippet":"max-snippet:-1","max-image-preview":"max-image-preview:large","max-video-preview":"max-video-preview:-1"},"canonical":"https:\/\/mulhervitrola.com.br\/blog\/esqueci-o-nome-do-filme-que-marcou-minha-vida\/","og_locale":"pt_BR","og_type":"article","og_title":"Esqueci o nome do filme que marcou minha vida | Blog da Mulher Vitrola","og_description":"Blog da ilustradora e gateira Re Vitrola. Veganismo, gatos e muita arte!","og_url":"https:\/\/mulhervitrola.com.br\/blog\/esqueci-o-nome-do-filme-que-marcou-minha-vida\/","og_site_name":"Blog da Mulher Vitrola","article_published_time":"2019-05-11T16:10:35+00:00","article_modified_time":"2019-05-11T16:10:42+00:00","og_image":[{"width":850,"height":488,"url":"https:\/\/i0.wp.com\/mulhervitrola.com.br\/blog\/wp-content\/uploads\/2019\/05\/4-vhs-trailer.jpg?fit=850%2C488&ssl=1","type":"image\/jpeg"}],"author":"mulhervitrola","twitter_card":"summary_large_image","twitter_creator":"@mulhervitrola","twitter_site":"@mulhervitrola","twitter_misc":{"Escrito por":"mulhervitrola","Est. tempo de leitura":"2 minutos"},"schema":{"@context":"https:\/\/schema.org","@graph":[{"@type":"Article","@id":"https:\/\/mulhervitrola.com.br\/blog\/esqueci-o-nome-do-filme-que-marcou-minha-vida\/#article","isPartOf":{"@id":"https:\/\/mulhervitrola.com.br\/blog\/esqueci-o-nome-do-filme-que-marcou-minha-vida\/"},"author":{"name":"mulhervitrola","@id":"https:\/\/mulhervitrola.com.br\/blog\/#\/schema\/person\/df88e61e635561444a7aca4ca394ed85"},"headline":"Esqueci o nome do filme que marcou minha vida","datePublished":"2019-05-11T16:10:35+00:00","dateModified":"2019-05-11T16:10:42+00:00","mainEntityOfPage":{"@id":"https:\/\/mulhervitrola.com.br\/blog\/esqueci-o-nome-do-filme-que-marcou-minha-vida\/"},"wordCount":455,"commentCount":6,"publisher":{"@id":"https:\/\/mulhervitrola.com.br\/blog\/#\/schema\/person\/df88e61e635561444a7aca4ca394ed85"},"image":{"@id":"https:\/\/mulhervitrola.com.br\/blog\/esqueci-o-nome-do-filme-que-marcou-minha-vida\/#primaryimage"},"thumbnailUrl":"https:\/\/i0.wp.com\/mulhervitrola.com.br\/blog\/wp-content\/uploads\/2019\/05\/4-vhs-trailer.jpg?fit=850%2C488&ssl=1","articleSection":["Cinema","Papo de Vitrola"],"inLanguage":"pt-BR","potentialAction":[{"@type":"CommentAction","name":"Comment","target":["https:\/\/mulhervitrola.com.br\/blog\/esqueci-o-nome-do-filme-que-marcou-minha-vida\/#respond"]}]},{"@type":"WebPage","@id":"https:\/\/mulhervitrola.com.br\/blog\/esqueci-o-nome-do-filme-que-marcou-minha-vida\/","url":"https:\/\/mulhervitrola.com.br\/blog\/esqueci-o-nome-do-filme-que-marcou-minha-vida\/","name":"Esqueci o nome do filme que marcou minha vida | Blog da Mulher Vitrola","isPartOf":{"@id":"https:\/\/mulhervitrola.com.br\/blog\/#website"},"primaryImageOfPage":{"@id":"https:\/\/mulhervitrola.com.br\/blog\/esqueci-o-nome-do-filme-que-marcou-minha-vida\/#primaryimage"},"image":{"@id":"https:\/\/mulhervitrola.com.br\/blog\/esqueci-o-nome-do-filme-que-marcou-minha-vida\/#primaryimage"},"thumbnailUrl":"https:\/\/i0.wp.com\/mulhervitrola.com.br\/blog\/wp-content\/uploads\/2019\/05\/4-vhs-trailer.jpg?fit=850%2C488&ssl=1","datePublished":"2019-05-11T16:10:35+00:00","dateModified":"2019-05-11T16:10:42+00:00","description":"Blog da ilustradora e gateira Re Vitrola. Veganismo, gatos e muita arte!","breadcrumb":{"@id":"https:\/\/mulhervitrola.com.br\/blog\/esqueci-o-nome-do-filme-que-marcou-minha-vida\/#breadcrumb"},"inLanguage":"pt-BR","potentialAction":[{"@type":"ReadAction","target":["https:\/\/mulhervitrola.com.br\/blog\/esqueci-o-nome-do-filme-que-marcou-minha-vida\/"]}]},{"@type":"ImageObject","inLanguage":"pt-BR","@id":"https:\/\/mulhervitrola.com.br\/blog\/esqueci-o-nome-do-filme-que-marcou-minha-vida\/#primaryimage","url":"https:\/\/i0.wp.com\/mulhervitrola.com.br\/blog\/wp-content\/uploads\/2019\/05\/4-vhs-trailer.jpg?fit=850%2C488&ssl=1","contentUrl":"https:\/\/i0.wp.com\/mulhervitrola.com.br\/blog\/wp-content\/uploads\/2019\/05\/4-vhs-trailer.jpg?fit=850%2C488&ssl=1","width":850,"height":488},{"@type":"BreadcrumbList","@id":"https:\/\/mulhervitrola.com.br\/blog\/esqueci-o-nome-do-filme-que-marcou-minha-vida\/#breadcrumb","itemListElement":[{"@type":"ListItem","position":1,"name":"In\u00edcio","item":"https:\/\/mulhervitrola.com.br\/blog\/"},{"@type":"ListItem","position":2,"name":"Esqueci o nome do filme que marcou minha vida"}]},{"@type":"WebSite","@id":"https:\/\/mulhervitrola.com.br\/blog\/#website","url":"https:\/\/mulhervitrola.com.br\/blog\/","name":"Blog da Mulher Vitrola","description":"por Re Montenegro","publisher":{"@id":"https:\/\/mulhervitrola.com.br\/blog\/#\/schema\/person\/df88e61e635561444a7aca4ca394ed85"},"potentialAction":[{"@type":"SearchAction","target":{"@type":"EntryPoint","urlTemplate":"https:\/\/mulhervitrola.com.br\/blog\/?s={search_term_string}"},"query-input":{"@type":"PropertyValueSpecification","valueRequired":true,"valueName":"search_term_string"}}],"inLanguage":"pt-BR"},{"@type":["Person","Organization"],"@id":"https:\/\/mulhervitrola.com.br\/blog\/#\/schema\/person\/df88e61e635561444a7aca4ca394ed85","name":"mulhervitrola","image":{"@type":"ImageObject","inLanguage":"pt-BR","@id":"https:\/\/mulhervitrola.com.br\/blog\/#\/schema\/person\/image\/","url":"https:\/\/i0.wp.com\/mulhervitrola.com.br\/wp-content\/uploads\/2020\/05\/DSC_0200-scaled.jpg?fit=2560%2C1702&ssl=1","contentUrl":"https:\/\/i0.wp.com\/mulhervitrola.com.br\/wp-content\/uploads\/2020\/05\/DSC_0200-scaled.jpg?fit=2560%2C1702&ssl=1","width":2560,"height":1702,"caption":"mulhervitrola"},"logo":{"@id":"https:\/\/mulhervitrola.com.br\/blog\/#\/schema\/person\/image\/"},"sameAs":["mulhervitrola"],"url":"https:\/\/mulhervitrola.com.br\/blog\/author\/mulhervitrola\/"}]}},"jetpack_publicize_connections":[],"jetpack_featured_media_url":"https:\/\/i0.wp.com\/mulhervitrola.com.br\/blog\/wp-content\/uploads\/2019\/05\/4-vhs-trailer.jpg?fit=850%2C488&ssl=1","jetpack_sharing_enabled":true,"jetpack_shortlink":"https:\/\/wp.me\/p3GuHo-2tD","jetpack-related-posts":[{"id":161,"url":"https:\/\/mulhervitrola.com.br\/blog\/uma-infancia-inteira-para-se-envergonhar\/","url_meta":{"origin":9525,"position":0},"title":"Uma inf\u00e2ncia inteira (para se envergonhar)","author":"mulhervitrola","date":"8 de dezembro de 2011","format":false,"excerpt":"Olha, eu sei que quando somos crian\u00e7as, por mais rid\u00edculas que sejam nossas atitudes, ela vai passar despercebida. Tipo quando eu recortei o Baby da Fam\u00edlia Dinossauros da embalagem do biscoito e fiz minha m\u00e3e colar no meu uniforme, para orgulhosamente mostrar para os coleguinhas (e futuramente, chegar \u00e0 conclus\u00e3o\u2026","rel":"","context":"Em &quot;Papo de Vitrola&quot;","block_context":{"text":"Papo de Vitrola","link":"https:\/\/mulhervitrola.com.br\/blog\/category\/papo-de-vitrola\/"},"img":{"alt_text":"","src":"","width":0,"height":0},"classes":[]},{"id":13705,"url":"https:\/\/mulhervitrola.com.br\/blog\/a-quantas-maos-se-constroi-uma-casa\/","url_meta":{"origin":9525,"position":1},"title":"A quantas m\u00e3os se constr\u00f3i uma casa?","author":"mulhervitrola","date":"6 de fevereiro de 2021","format":false,"excerpt":"Casa para mim j\u00e1 teve muitos significados diferentes. Eu j\u00e1 fiz muitas mudan\u00e7as nesta vida - s\u00f3 morando em Ubatuba foram oito mudan\u00e7as em um d\u00e9cada, quase o equivalente a uma mudan\u00e7a por ano - e fazer tantas mudan\u00e7as deixa voc\u00ea um pouco desplugado da conex\u00e3o do que \u00e9 moradia:\u2026","rel":"","context":"Em &quot;Papo de Vitrola&quot;","block_context":{"text":"Papo de Vitrola","link":"https:\/\/mulhervitrola.com.br\/blog\/category\/papo-de-vitrola\/"},"img":{"alt_text":"","src":"https:\/\/i0.wp.com\/mulhervitrola.com.br\/blog\/wp-content\/uploads\/2021\/02\/reforma-barata-banheiro-gatinho-2.jpg?fit=1200%2C675&ssl=1&resize=350%2C200","width":350,"height":200,"srcset":"https:\/\/i0.wp.com\/mulhervitrola.com.br\/blog\/wp-content\/uploads\/2021\/02\/reforma-barata-banheiro-gatinho-2.jpg?fit=1200%2C675&ssl=1&resize=350%2C200 1x, https:\/\/i0.wp.com\/mulhervitrola.com.br\/blog\/wp-content\/uploads\/2021\/02\/reforma-barata-banheiro-gatinho-2.jpg?fit=1200%2C675&ssl=1&resize=525%2C300 1.5x, https:\/\/i0.wp.com\/mulhervitrola.com.br\/blog\/wp-content\/uploads\/2021\/02\/reforma-barata-banheiro-gatinho-2.jpg?fit=1200%2C675&ssl=1&resize=700%2C400 2x, https:\/\/i0.wp.com\/mulhervitrola.com.br\/blog\/wp-content\/uploads\/2021\/02\/reforma-barata-banheiro-gatinho-2.jpg?fit=1200%2C675&ssl=1&resize=1050%2C600 3x"},"classes":[]},{"id":142,"url":"https:\/\/mulhervitrola.com.br\/blog\/bom-mesmo-e-o-comecinho\/","url_meta":{"origin":9525,"position":2},"title":"Bom mesmo \u00e9 o comecinho!","author":"mulhervitrola","date":"5 de mar\u00e7o de 2012","format":false,"excerpt":"Parece que foi ontem que celular era para poucos n\u00e3o \u00e9 mesmo? E foi. Embora sempre tentando me manter ligada no \"novo\", tenho sempre receio de estar perdida nesse tiroteio tecnol\u00f3gico. At\u00e9 \"ontem\" eu colocava um walkman na cintura, acompanhava as m\u00fasicas pelos encartes do disco e meu celular, bem\u2026","rel":"","context":"Em &quot;Papo de Vitrola&quot;","block_context":{"text":"Papo de Vitrola","link":"https:\/\/mulhervitrola.com.br\/blog\/category\/papo-de-vitrola\/"},"img":{"alt_text":"","src":"","width":0,"height":0},"classes":[]},{"id":13544,"url":"https:\/\/mulhervitrola.com.br\/blog\/porta-de-pia-que-ganhou-nova-funcao-no-atelie\/","url_meta":{"origin":9525,"position":3},"title":"Porta de pia que ganhou nova fun\u00e7\u00e3o no ateli\u00ea","author":"mulhervitrola","date":"18 de junho de 2020","format":false,"excerpt":"\u00c9 tanta coisa acontecendo (no Brasil e na minha vida) que s\u00f3 tem me restado ocupar a cabe\u00e7a o m\u00e1ximo poss\u00edvel. Gra\u00e7as aos deuses eu tenho um irm\u00e3o hiperativo das obras e que alimenta o teor inquieto da fam\u00edlia, e me presenteou com v\u00e1rias tintas. Tava garantida minha distra\u00e7\u00e3o pra\u2026","rel":"","context":"Em &quot;Para a casa&quot;","block_context":{"text":"Para a casa","link":"https:\/\/mulhervitrola.com.br\/blog\/category\/para-a-casa\/"},"img":{"alt_text":"","src":"https:\/\/i0.wp.com\/mulhervitrola.com.br\/blog\/wp-content\/uploads\/2020\/06\/porta-carta-porta-reaproveitada-3.jpg?fit=1200%2C675&ssl=1&resize=350%2C200","width":350,"height":200,"srcset":"https:\/\/i0.wp.com\/mulhervitrola.com.br\/blog\/wp-content\/uploads\/2020\/06\/porta-carta-porta-reaproveitada-3.jpg?fit=1200%2C675&ssl=1&resize=350%2C200 1x, https:\/\/i0.wp.com\/mulhervitrola.com.br\/blog\/wp-content\/uploads\/2020\/06\/porta-carta-porta-reaproveitada-3.jpg?fit=1200%2C675&ssl=1&resize=525%2C300 1.5x, https:\/\/i0.wp.com\/mulhervitrola.com.br\/blog\/wp-content\/uploads\/2020\/06\/porta-carta-porta-reaproveitada-3.jpg?fit=1200%2C675&ssl=1&resize=700%2C400 2x, https:\/\/i0.wp.com\/mulhervitrola.com.br\/blog\/wp-content\/uploads\/2020\/06\/porta-carta-porta-reaproveitada-3.jpg?fit=1200%2C675&ssl=1&resize=1050%2C600 3x"},"classes":[]},{"id":13,"url":"https:\/\/mulhervitrola.com.br\/blog\/afinal-onde-e-o-nosso-lar\/","url_meta":{"origin":9525,"position":4},"title":"Afinal, onde \u00e9 o nosso lar?","author":"mulhervitrola","date":"9 de mar\u00e7o de 2013","format":false,"excerpt":"De todas as experi\u00eancias que tive at\u00e9 aqui, eu nunca soube a sensa\u00e7\u00e3o de morar sozinha. Quando crian\u00e7a, eu dividia o quarto com meu irm\u00e3o mais velho. Na adolesc\u00eancia, meus pais eram separados e eu dividia o quarto de uma kitinet com minha m\u00e3e e minha sobrinha. Ent\u00e3o, aquele quarto\u2026","rel":"","context":"Em &quot;Para a casa&quot;","block_context":{"text":"Para a casa","link":"https:\/\/mulhervitrola.com.br\/blog\/category\/para-a-casa\/"},"img":{"alt_text":"","src":"https:\/\/i0.wp.com\/mulhervitrola.com.br\/blog\/wp-content\/uploads\/2013\/03\/8.jpg?fit=700%2C525&ssl=1&resize=350%2C200","width":350,"height":200,"srcset":"https:\/\/i0.wp.com\/mulhervitrola.com.br\/blog\/wp-content\/uploads\/2013\/03\/8.jpg?fit=700%2C525&ssl=1&resize=350%2C200 1x, https:\/\/i0.wp.com\/mulhervitrola.com.br\/blog\/wp-content\/uploads\/2013\/03\/8.jpg?fit=700%2C525&ssl=1&resize=525%2C300 1.5x, https:\/\/i0.wp.com\/mulhervitrola.com.br\/blog\/wp-content\/uploads\/2013\/03\/8.jpg?fit=700%2C525&ssl=1&resize=700%2C400 2x"},"classes":[]},{"id":13327,"url":"https:\/\/mulhervitrola.com.br\/blog\/meu-six-character-meme\/","url_meta":{"origin":9525,"position":5},"title":"Meu Six Character Meme","author":"mulhervitrola","date":"5 de abril de 2020","format":false,"excerpt":"Resolvi participar de um meme que consistia na seguinte tarefa: jogar na sua rede uma imagem com 6 blocos vazios e pedir pra seus seguidores sugerirem personagens para ilustrar. Achei que seria divertido e de quebra, treinar um pouco fazendo algo diferente. Levei cerca de 20 horas para finalizar as\u2026","rel":"","context":"Em &quot;Papo de Artista&quot;","block_context":{"text":"Papo de Artista","link":"https:\/\/mulhervitrola.com.br\/blog\/category\/papodeartista\/"},"img":{"alt_text":"","src":"https:\/\/i0.wp.com\/mulhervitrola.com.br\/blog\/wp-content\/uploads\/2020\/04\/six-characters%402x.png?fit=1006%2C1200&ssl=1&resize=350%2C200","width":350,"height":200,"srcset":"https:\/\/i0.wp.com\/mulhervitrola.com.br\/blog\/wp-content\/uploads\/2020\/04\/six-characters%402x.png?fit=1006%2C1200&ssl=1&resize=350%2C200 1x, https:\/\/i0.wp.com\/mulhervitrola.com.br\/blog\/wp-content\/uploads\/2020\/04\/six-characters%402x.png?fit=1006%2C1200&ssl=1&resize=525%2C300 1.5x, https:\/\/i0.wp.com\/mulhervitrola.com.br\/blog\/wp-content\/uploads\/2020\/04\/six-characters%402x.png?fit=1006%2C1200&ssl=1&resize=700%2C400 2x"},"classes":[]}],"jetpack_likes_enabled":true,"_links":{"self":[{"href":"https:\/\/mulhervitrola.com.br\/blog\/wp-json\/wp\/v2\/posts\/9525","targetHints":{"allow":["GET"]}}],"collection":[{"href":"https:\/\/mulhervitrola.com.br\/blog\/wp-json\/wp\/v2\/posts"}],"about":[{"href":"https:\/\/mulhervitrola.com.br\/blog\/wp-json\/wp\/v2\/types\/post"}],"author":[{"embeddable":true,"href":"https:\/\/mulhervitrola.com.br\/blog\/wp-json\/wp\/v2\/users\/1"}],"replies":[{"embeddable":true,"href":"https:\/\/mulhervitrola.com.br\/blog\/wp-json\/wp\/v2\/comments?post=9525"}],"version-history":[{"count":1,"href":"https:\/\/mulhervitrola.com.br\/blog\/wp-json\/wp\/v2\/posts\/9525\/revisions"}],"predecessor-version":[{"id":9529,"href":"https:\/\/mulhervitrola.com.br\/blog\/wp-json\/wp\/v2\/posts\/9525\/revisions\/9529"}],"wp:featuredmedia":[{"embeddable":true,"href":"https:\/\/mulhervitrola.com.br\/blog\/wp-json\/wp\/v2\/media\/9527"}],"wp:attachment":[{"href":"https:\/\/mulhervitrola.com.br\/blog\/wp-json\/wp\/v2\/media?parent=9525"}],"wp:term":[{"taxonomy":"category","embeddable":true,"href":"https:\/\/mulhervitrola.com.br\/blog\/wp-json\/wp\/v2\/categories?post=9525"},{"taxonomy":"post_tag","embeddable":true,"href":"https:\/\/mulhervitrola.com.br\/blog\/wp-json\/wp\/v2\/tags?post=9525"}],"curies":[{"name":"wp","href":"https:\/\/api.w.org\/{rel}","templated":true}]}}